{"id":210234,"date":"2012-01-30T08:04:00","date_gmt":"2012-01-30T07:04:00","guid":{"rendered":"http:\/\/www.ivg.it\/?p=210234"},"modified":"2012-01-30T12:19:05","modified_gmt":"2012-01-30T11:19:05","slug":"maltempo-sul-savonese-smette-di-nevicare-ma-resta-il-vento-forte-albero-caduto-a-varazze","status":"publish","type":"post","link":"https:\/\/staging.ivg.it\/2012\/01\/maltempo-sul-savonese-smette-di-nevicare-ma-resta-il-vento-forte-albero-caduto-a-varazze\/","title":{"rendered":"Maltempo, sul Savonese smette di nevicare ma resta il vento forte: albero caduto a Varazze"},"content":{"rendered":"<p><strong>Savona<\/strong>. Freddo, pioggia, neve (nelle alture e nell&#8217;entroterra) e vento forte hanno caratterizzato la serata e buona parte della nottata appena trascorsa. Solo dalle prime luci dell&#8217;alba le precipitazioni hanno smesso di abbattersi sulla Riviera savonese. A causare pi\u00f9 problemi \u00e8 stato il vento: questa mattina, intorno alle 7,25, in via Campo Marzio a Varazze \u00e8 caduto un albero. L&#8217;incidente non ha causato feriti, ma \u00e8 stato necessario l&#8217;intervento dei vigili del fuoco che hanno provveduto alla rimozione e messa in sicurezza della pianta.<\/p>\n<p>Nonostante le nevicate che nel primo dei tre giorni della Merla (da sempre ritenuti i pi\u00f9 rigidi dell&#8217;anno), non si segnalano particolari disagi alla circolazione nelle strade della Valbormida, dove \u00e8 caduto circa mezzo metro di neve, e sulla A6 Savona-Torino. La societ\u00e0 Autostrade invita a guidare con la massima prudenza nella tratta Savona-Altare viste le forti raffiche di vento.<\/p>\n<p>Sulla A6 \u00e8 continuato fino alla tarda serata il transito &#8220;filtrato&#8221; dei mezzi pesanti sia per Torino che per Savona a causa delle nevicate. Le pattuglie della polizia stradale hanno accompagnato i mezzi pesanti su entrambe le carreggiate per evitare incidenti e blocchi lungo l&#8217;autostrada. Sull&#8217;A6 hanno anche operato per tutta la notte i mezzi spazzaneve e spargisale. Stessa situazione anche lungo le strade provinciali, in particolare in Valbormida, dove sono continuati i monitoraggi da parte della Provincia e dei tecnici dei Comuni pi\u00f9 colpiti dalle nevicate: Millesimo, Altare, Carcare, Cairo Montenotte, Pallare e Mallare.<\/p>\n<p>In alcuni tratti di strade periferiche sotto il peso della neve sono caduti diversi rami che, in qualche caso, hanno provocato temporanee interruzioni del traffico. Alcuni autobus ieri hanno avuto difficolt\u00e0 a transitare sul colle di Cadibona verso l&#8217;entroterra savonese.<\/p>\n","protected":false},"excerpt":{"rendered":"<p>Savona. Freddo, pioggia, neve (nelle alture e nell&#8217;entroterra) e vento forte hanno caratterizzato la serata e buona parte della nottata appena trascorsa. Solo dalle prime luci dell&#8217;alba le precipitazioni hanno smesso di abbattersi sulla Riviera savonese. A causare pi\u00f9 problemi \u00e8 stato il vento: questa mattina, intorno alle 7,25, in via Campo Marzio a Varazze [&hellip;]<\/p>\n","protected":false},"author":13744,"featured_media":0,"comment_status":"open","ping_status":"closed","sticky":false,"template":"","format":"standard","meta":{"footnotes":""},"categories":[34],"tags":[651,598,4153,85850,85868,3293],"class_list":["post-210234","post","type-post","status-publish","format-standard","hentry","category-cronaca","tag-maltempo","tag-neve","tag-nevicate","tag-savona","tag-varazze","tag-vento","post_cat_citta-albenga","post_cat_citta-altare","post_cat_citta-cairo-montenotte","post_cat_citta-savona","post_cat_citta-varazze"],"amp_validity":null,"amp_enabled":true,"_links":{"self":[{"href":"https:\/\/staging.ivg.it\/ediapi\/wp\/v2\/posts\/210234","targetHints":{"allow":["GET"]}}],"collection":[{"href":"https:\/\/staging.ivg.it\/ediapi\/wp\/v2\/posts"}],"about":[{"href":"https:\/\/staging.ivg.it\/ediapi\/wp\/v2\/types\/post"}],"author":[{"embeddable":true,"href":"https:\/\/staging.ivg.it\/ediapi\/wp\/v2\/users\/13744"}],"replies":[{"embeddable":true,"href":"https:\/\/staging.ivg.it\/ediapi\/wp\/v2\/comments?post=210234"}],"version-history":[{"count":0,"href":"https:\/\/staging.ivg.it\/ediapi\/wp\/v2\/posts\/210234\/revisions"}],"wp:attachment":[{"href":"https:\/\/staging.ivg.it\/ediapi\/wp\/v2\/media?parent=210234"}],"wp:term":[{"taxonomy":"category","embeddable":true,"href":"https:\/\/staging.ivg.it\/ediapi\/wp\/v2\/categories?post=210234"},{"taxonomy":"post_tag","embeddable":true,"href":"https:\/\/staging.ivg.it\/ediapi\/wp\/v2\/tags?post=210234"}],"curies":[{"name":"wp","href":"https:\/\/api.w.org\/{rel}","templated":true}]}}