{"id":210126,"date":"2012-01-27T19:26:34","date_gmt":"2012-01-27T18:26:34","guid":{"rendered":"http:\/\/www.ivg.it\/?p=210126"},"modified":"2012-01-27T19:41:28","modified_gmt":"2012-01-27T18:41:28","slug":"carcare-attesa-per-la-presentazione-di-miss-terrona-2012","status":"publish","type":"post","link":"https:\/\/staging.ivg.it\/2012\/01\/carcare-attesa-per-la-presentazione-di-miss-terrona-2012\/","title":{"rendered":"Carcare, attesa per la presentazione di Miss Terrona 2012"},"content":{"rendered":"<p><strong>Carcare. <\/strong>Si terr\u00e0 domani, sabato 28 gennaio, alle ore 11, presso la struttura alberghiera Relais &#8220;Villa degli Aceri&#8221; a Carcare, la conferenza stampa di presentazione della prima edizione del concorso nazionale MissTerrona.<\/p>\n<p>Durante la presentazione, oltre all&#8217;illustrazione delle modalit\u00e0 con cui si svolger\u00e0 il concorso, verranno fornite alcune notizie inedite sulla manifestazione che sta gi\u00e0 riscuotendo i primi successi, come spiega l&#8217;ideatore Rodolfo Mirri: \u201cLa pagina Facebook creata per il concorso nazionale di MissTerrona \u00e8 stata letteralmente presa d&#8217;assalto e c&#8217;\u00e8 stato un black di alcune ore per i troppi eccessi &#8211; spiega Mirri &#8211; mentre il sito Internet www.missterrona.it ha ampiamente superato i 2.000 accessi. Segno che la nostra idea piace e che sta riscuotendo successo. Ci sono altre novit\u00e0 ma non voglio anticipare altro, ne parleremo durante la presentazione ufficiale dell&#8217;evento\u201d.<\/p>\n<p>MissTerrona non \u00e8 un semplice concorso di bellezza ma un evento che si richiama alla cultura del Sud e che trasformer\u00e0 per alcuni giorni il piccolo centro Valbormidese in una location unica dove la bellezza e la tradizione delle regioni del nostro Meridione incontreranno la cultura locale, con una giuria d&#8217;eccezione chiamata ad assegnare i cinque titoli in palio.<\/p>\n","protected":false},"excerpt":{"rendered":"<p>Carcare. Si terr\u00e0 domani, sabato 28 gennaio, alle ore 11, presso la struttura alberghiera Relais &#8220;Villa degli Aceri&#8221; a Carcare, la conferenza stampa di presentazione della prima edizione del concorso nazionale MissTerrona. Durante la presentazione, oltre all&#8217;illustrazione delle modalit\u00e0 con cui si svolger\u00e0 il concorso, verranno fornite alcune notizie inedite sulla manifestazione che sta gi\u00e0 [&hellip;]<\/p>\n","protected":false},"author":13744,"featured_media":0,"comment_status":"open","ping_status":"closed","sticky":false,"template":"","format":"standard","meta":{"footnotes":""},"categories":[],"tags":[85852,38394,7250],"class_list":["post-210126","post","type-post","status-publish","format-standard","hentry","tag-carcare","tag-miss-terrona","tag-rodolfo-mirri","post_cat_citta-andora","post_cat_citta-carcare"],"amp_validity":null,"amp_enabled":true,"_links":{"self":[{"href":"https:\/\/staging.ivg.it\/ediapi\/wp\/v2\/posts\/210126","targetHints":{"allow":["GET"]}}],"collection":[{"href":"https:\/\/staging.ivg.it\/ediapi\/wp\/v2\/posts"}],"about":[{"href":"https:\/\/staging.ivg.it\/ediapi\/wp\/v2\/types\/post"}],"author":[{"embeddable":true,"href":"https:\/\/staging.ivg.it\/ediapi\/wp\/v2\/users\/13744"}],"replies":[{"embeddable":true,"href":"https:\/\/staging.ivg.it\/ediapi\/wp\/v2\/comments?post=210126"}],"version-history":[{"count":0,"href":"https:\/\/staging.ivg.it\/ediapi\/wp\/v2\/posts\/210126\/revisions"}],"wp:attachment":[{"href":"https:\/\/staging.ivg.it\/ediapi\/wp\/v2\/media?parent=210126"}],"wp:term":[{"taxonomy":"category","embeddable":true,"href":"https:\/\/staging.ivg.it\/ediapi\/wp\/v2\/categories?post=210126"},{"taxonomy":"post_tag","embeddable":true,"href":"https:\/\/staging.ivg.it\/ediapi\/wp\/v2\/tags?post=210126"}],"curies":[{"name":"wp","href":"https:\/\/api.w.org\/{rel}","templated":true}]}}