{"id":210125,"date":"2012-01-27T19:21:07","date_gmt":"2012-01-27T18:21:07","guid":{"rendered":"http:\/\/www.ivg.it\/?p=210125"},"modified":"2012-01-27T21:08:24","modified_gmt":"2012-01-27T20:08:24","slug":"incidente-sulla-a6-camion-ribaltato-ferito-lautista-tratto-chiuso","status":"publish","type":"post","link":"https:\/\/staging.ivg.it\/2012\/01\/incidente-sulla-a6-camion-ribaltato-ferito-lautista-tratto-chiuso\/","title":{"rendered":"Incidente sulla A6, camion ribaltato: ferito l&#8217;autista, tratto chiuso"},"content":{"rendered":"<p><strong>Millesimo.<\/strong> Incidente questo pomeriggio con relativa chiusura del tratto tra Ceva e Millesimo, sulla A6 Torino-Savona, in direzione della citt\u00e0 della Torretta, dove un camion si \u00e8 ribaltato sulla carreggiata. Secondo quanto appreso, intorno alle 17 e 30, il conducente ha perso il controllo del mezzo, andando prima a sbattere contro il guardrail, per poi ribaltarsi, rovesciando tutto il carico. <\/p>\n<p>Sul posto polizia stradale, personale tecnico, sanitari e 118. L&#8217;autista \u00e8 rimasto ferito in maniera non grave ed \u00e8 stato trasportato in codice giallo all&#8217;ospedale di Mondov\u00ec. Il tratto di A6 \u00e8 stato invece chiuso per permettere le operazioni di sgombero del mezzo e del carico e ripristinare le condizioni di sicurezza per la viabilit\u00e0.<\/p>\n","protected":false},"excerpt":{"rendered":"<p>Millesimo. Incidente questo pomeriggio con relativa chiusura del tratto tra Ceva e Millesimo, sulla A6 Torino-Savona, in direzione della citt\u00e0 della Torretta, dove un camion si \u00e8 ribaltato sulla carreggiata. Secondo quanto appreso, intorno alle 17 e 30, il conducente ha perso il controllo del mezzo, andando prima a sbattere contro il guardrail, per poi [&hellip;]<\/p>\n","protected":false},"author":4,"featured_media":0,"comment_status":"open","ping_status":"closed","sticky":false,"template":"","format":"standard","meta":{"footnotes":""},"categories":[34],"tags":[1085,1084,309],"class_list":["post-210125","post","type-post","status-publish","format-standard","hentry","category-cronaca","tag-a6","tag-camion","tag-incidente","post_cat_citta-andora","post_cat_citta-millesimo"],"amp_validity":null,"amp_enabled":true,"_links":{"self":[{"href":"https:\/\/staging.ivg.it\/ediapi\/wp\/v2\/posts\/210125","targetHints":{"allow":["GET"]}}],"collection":[{"href":"https:\/\/staging.ivg.it\/ediapi\/wp\/v2\/posts"}],"about":[{"href":"https:\/\/staging.ivg.it\/ediapi\/wp\/v2\/types\/post"}],"author":[{"embeddable":true,"href":"https:\/\/staging.ivg.it\/ediapi\/wp\/v2\/users\/4"}],"replies":[{"embeddable":true,"href":"https:\/\/staging.ivg.it\/ediapi\/wp\/v2\/comments?post=210125"}],"version-history":[{"count":0,"href":"https:\/\/staging.ivg.it\/ediapi\/wp\/v2\/posts\/210125\/revisions"}],"wp:attachment":[{"href":"https:\/\/staging.ivg.it\/ediapi\/wp\/v2\/media?parent=210125"}],"wp:term":[{"taxonomy":"category","embeddable":true,"href":"https:\/\/staging.ivg.it\/ediapi\/wp\/v2\/categories?post=210125"},{"taxonomy":"post_tag","embeddable":true,"href":"https:\/\/staging.ivg.it\/ediapi\/wp\/v2\/tags?post=210125"}],"curies":[{"name":"wp","href":"https:\/\/api.w.org\/{rel}","templated":true}]}}