{"id":210124,"date":"2012-01-27T19:11:19","date_gmt":"2012-01-27T18:11:19","guid":{"rendered":"http:\/\/www.ivg.it\/?p=210124"},"modified":"2012-01-27T19:27:40","modified_gmt":"2012-01-27T18:27:40","slug":"crisi-fac-il-segretario-ravera-prc-pesante-situazione-di-incertezza","status":"publish","type":"post","link":"https:\/\/staging.ivg.it\/2012\/01\/crisi-fac-il-segretario-ravera-prc-pesante-situazione-di-incertezza\/","title":{"rendered":"Crisi Fac, il segretario Ravera (Prc): &#8220;Pesante situazione di incertezza&#8221;"},"content":{"rendered":"<p><strong>Albisola.<\/strong> &#8220;La crisi della Fac, che Rifondazione ha seguito con estrema attenzione, sembra inarrestabile. Anche il piano industriale appena presentato si \u00e8 rivelato al di sotto delle aspettative&#8221;. Queste le parole del segretario provinciale Marco Ravera sulla crisi di una delle storiche industrie savonesi. <\/p>\n<p>&#8220;Se si registra, infatti, un piccolo passo avanti rispetto alla chiusura dello stabilimento, rimangono ancora incerti i confini del possibile finanziamento e i pesanti i sacrifici dei lavoratori. Tra questi sono per noi inacettabili la riduzione delle ferie, \u00e8 per noi inacettabile il taglio del 10% dello stipendio, sono per noi inacettabili gli straordinari non retributi&#8221; aggiunge.<\/p>\n<p>&#8220;Questa ennesima crisi che colpisce la storica fabbrica albisolese specializzata in porcellane da bar \u00e8 frutto di scelte sbagliate dettate anche dalla volont\u00e0 della propriet\u00e0 di trasferire l&#8217;azienda in Tunisia dove \u00e8 pi\u00f9 facile piegare i diritti dei lavoratori e i costi di produzione sono relativamente pi\u00f9 bassi. Anche per questi esprimiamo la nostra piena solidariet\u00e0 a tutte le lavoratrici e tutti i lavoratori impegnati in questa ennesima vertenza che riguarda Albisola e tutta la provincia&#8221; conclude.<\/p>\n","protected":false},"excerpt":{"rendered":"<p>Albisola. &#8220;La crisi della Fac, che Rifondazione ha seguito con estrema attenzione, sembra inarrestabile. Anche il piano industriale appena presentato si \u00e8 rivelato al di sotto delle aspettative&#8221;. Queste le parole del segretario provinciale Marco Ravera sulla crisi di una delle storiche industrie savonesi. &#8220;Se si registra, infatti, un piccolo passo avanti rispetto alla chiusura [&hellip;]<\/p>\n","protected":false},"author":13744,"featured_media":0,"comment_status":"open","ping_status":"closed","sticky":false,"template":"","format":"standard","meta":{"footnotes":""},"categories":[35],"tags":[432,7268,366],"class_list":["post-210124","post","type-post","status-publish","format-standard","hentry","category-economia","tag-albisola","tag-fac","tag-marco-ravera","post_cat_citta-albisola-superiore","post_cat_citta-andora"],"amp_validity":null,"amp_enabled":true,"_links":{"self":[{"href":"https:\/\/staging.ivg.it\/ediapi\/wp\/v2\/posts\/210124","targetHints":{"allow":["GET"]}}],"collection":[{"href":"https:\/\/staging.ivg.it\/ediapi\/wp\/v2\/posts"}],"about":[{"href":"https:\/\/staging.ivg.it\/ediapi\/wp\/v2\/types\/post"}],"author":[{"embeddable":true,"href":"https:\/\/staging.ivg.it\/ediapi\/wp\/v2\/users\/13744"}],"replies":[{"embeddable":true,"href":"https:\/\/staging.ivg.it\/ediapi\/wp\/v2\/comments?post=210124"}],"version-history":[{"count":0,"href":"https:\/\/staging.ivg.it\/ediapi\/wp\/v2\/posts\/210124\/revisions"}],"wp:attachment":[{"href":"https:\/\/staging.ivg.it\/ediapi\/wp\/v2\/media?parent=210124"}],"wp:term":[{"taxonomy":"category","embeddable":true,"href":"https:\/\/staging.ivg.it\/ediapi\/wp\/v2\/categories?post=210124"},{"taxonomy":"post_tag","embeddable":true,"href":"https:\/\/staging.ivg.it\/ediapi\/wp\/v2\/tags?post=210124"}],"curies":[{"name":"wp","href":"https:\/\/api.w.org\/{rel}","templated":true}]}}