{"id":209919,"date":"2012-01-25T13:16:34","date_gmt":"2012-01-25T12:16:34","guid":{"rendered":"http:\/\/www.ivg.it\/?p=209919"},"modified":"2012-01-25T20:31:01","modified_gmt":"2012-01-25T19:31:01","slug":"vertenza-fac-protesta-dei-lavoratori-in-provincia-attesa-per-piano-industriale","status":"publish","type":"post","link":"https:\/\/staging.ivg.it\/2012\/01\/vertenza-fac-protesta-dei-lavoratori-in-provincia-attesa-per-piano-industriale\/","title":{"rendered":"Vertenza Fac, protesta dei lavoratori in Provincia: attesa per piano industriale"},"content":{"rendered":"<p><strong>Albisola.<\/strong> Mentre oggi \u00e8 previsto l&#8217;incontro con l&#8217;assessore Enrico Vesco, venerd\u00ec mattina si terr\u00e0 un secondo tavolo con l&#8217;assessore provinciale Sambin ed il sindaco Orsi, nel quale l&#8217;azienda dovrebbe finalmente presentare un nuovo piano industriale. Unica strada appare ormai la delocalizzazione dello storico stabilimento albisolese, senza spostare quote di mercato all&#8217;estero, e per questo bisogner\u00e0 trovare un accordo che possa salvaguardare il sito produttivo e l&#8217;occupazione.<\/p>\n<p>Intanto la Rsu sindacale critica la Provincia di Savona sul rinvio dell&#8217;audizione prevista per gioved\u00ec 26 gennaio nel corso della commissione sviluppo economico, alla presenza dell&#8217;assessore Sambin e dello stesso presidente Angelo Vaccarezza: &#8220;E&#8217; un fatto estremamente grave &#8211; si legge in una nota sindacale -. Per questo in occasione della convocazione del tavolo sul lavoro gi\u00e0 programmata, dalle ore 16.30 i lavoratori della Fac, le loro famiglie e l&#8217;intera comunit\u00e0 albisolese manifesteranno il loro disagio sotto la sede di Palazzo Nervi&#8221; conclude la nota.<\/p>\n<p>Replica dell&#8217;assessore Giorgio Sambin: &#8220;La Provincia sta seguendo con grande attenzione la vertenza Fac con la volont\u00e0 di arrivare ad una soluzione industriale credibile, per questo faremo la nostra parte assieme a Regione Comune. La strada della delocalizzazione \u00e8 l&#8217;unica percorribile, serve una azienda pi\u00f9 moderna e funzionale con un nuovo layout&#8221; conclude l&#8217;assessore provinciale.<\/p>\n<p>Attualmente ci sono 134 dipendenti in cassa integrazione. I sacrifici che l\u2019azienda chiede ai lavoratori sono accettare la riduzione di un terzo delle ferie, la conversione del 10% dello stipendio in obbligazioni, continuando per\u00f2 a \u201cprodurre 500.000 pezzi di produzione al mese nelle ore di lavoro ordinario, o con straordinari non retribuiti<\/p>\n","protected":false},"excerpt":{"rendered":"<p>Albisola. Mentre oggi \u00e8 previsto l&#8217;incontro con l&#8217;assessore Enrico Vesco, venerd\u00ec mattina si terr\u00e0 un secondo tavolo con l&#8217;assessore provinciale Sambin ed il sindaco Orsi, nel quale l&#8217;azienda dovrebbe finalmente presentare un nuovo piano industriale. Unica strada appare ormai la delocalizzazione dello storico stabilimento albisolese, senza spostare quote di mercato all&#8217;estero, e per questo bisogner\u00e0 [&hellip;]<\/p>\n","protected":false},"author":4,"featured_media":0,"comment_status":"open","ping_status":"closed","sticky":false,"template":"","format":"standard","meta":{"footnotes":""},"categories":[35],"tags":[432,7268,37580,3585,295],"class_list":["post-209919","post","type-post","status-publish","format-standard","hentry","category-economia","tag-albisola","tag-fac","tag-giorgio-sambin","tag-provincia-savona","tag-regione","post_cat_citta-albisola-superiore","post_cat_citta-andora"],"amp_validity":null,"amp_enabled":true,"_links":{"self":[{"href":"https:\/\/staging.ivg.it\/ediapi\/wp\/v2\/posts\/209919","targetHints":{"allow":["GET"]}}],"collection":[{"href":"https:\/\/staging.ivg.it\/ediapi\/wp\/v2\/posts"}],"about":[{"href":"https:\/\/staging.ivg.it\/ediapi\/wp\/v2\/types\/post"}],"author":[{"embeddable":true,"href":"https:\/\/staging.ivg.it\/ediapi\/wp\/v2\/users\/4"}],"replies":[{"embeddable":true,"href":"https:\/\/staging.ivg.it\/ediapi\/wp\/v2\/comments?post=209919"}],"version-history":[{"count":0,"href":"https:\/\/staging.ivg.it\/ediapi\/wp\/v2\/posts\/209919\/revisions"}],"wp:attachment":[{"href":"https:\/\/staging.ivg.it\/ediapi\/wp\/v2\/media?parent=209919"}],"wp:term":[{"taxonomy":"category","embeddable":true,"href":"https:\/\/staging.ivg.it\/ediapi\/wp\/v2\/categories?post=209919"},{"taxonomy":"post_tag","embeddable":true,"href":"https:\/\/staging.ivg.it\/ediapi\/wp\/v2\/tags?post=209919"}],"curies":[{"name":"wp","href":"https:\/\/api.w.org\/{rel}","templated":true}]}}