{"id":209698,"date":"2012-01-22T15:58:34","date_gmt":"2012-01-22T14:58:34","guid":{"rendered":"http:\/\/www.ivg.it\/?p=209698"},"modified":"2012-01-23T00:57:43","modified_gmt":"2012-01-22T23:57:43","slug":"costa-concordia-trovata-la-13%c2%b0-vittima-lad-foschi-al-giglio-incontro-con-i-familiari-dei-dispersi","status":"publish","type":"post","link":"https:\/\/staging.ivg.it\/2012\/01\/costa-concordia-trovata-la-13%c2%b0-vittima-lad-foschi-al-giglio-incontro-con-i-familiari-dei-dispersi\/","title":{"rendered":"Costa Concordia, trovata la 13\u00b0 vittima. L&#8217;ad Foschi al Giglio, incontro con i familiari dei dispersi"},"content":{"rendered":"<p><strong>Savona.<\/strong> E&#8217; stata rinvenuta sul relitto della  la 13\u00b0 vittima della tragedia della nave della compagnia genovese. Il corpo sarebbe di una donna ed \u00e8 stato trovato nel primo pomeriggio dalle squadre di intervento ancora impegnate nelle operazioni di ricerca all&#8217;interno dello scafo. Il cadavere si trovava sul ponte 7, a poppa della , nella zona sommersa della nave.<\/p>\n<p>L&#8217;amministratore delegato di Costa Crociere, Pierluigi Foschi si trova all&#8217;isola del Giglio con alcuni suoi collaboratori. L&#8217;ad ha incontrato i familiari dei dispersi all&#8217;isola del Giglio ed ora sta lasciando l&#8217;isola su un&#8217;imbarcazione privata senza rilasciare dichiarazioni, come deciso dalla stessa Costa Crociere in vista dell&#8217;audizione che lo stesso Foschi avr\u00e0 in Senato durante la commissione trasporti, quando dovr\u00e0 chiarire la posizione della societ\u00e0 di fronte al disastro.<\/p>\n<p>Intanto il commissiario delegato all&#8217;emergenza Franco Gabrielli non ha escluso che a bordo della nave possano esserci dei clandestini, quindi persone imbarcate sulla nave senza essere state registrate. Ancora imprecisata una possibile stima e sono in corso delle verifiche: in questo caso la lista dei dispersi potrebbe essere aggiornata.<\/p>\n","protected":false},"excerpt":{"rendered":"<p>Savona. E&#8217; stata rinvenuta sul relitto della la 13\u00b0 vittima della tragedia della nave della compagnia genovese. Il corpo sarebbe di una donna ed \u00e8 stato trovato nel primo pomeriggio dalle squadre di intervento ancora impegnate nelle operazioni di ricerca all&#8217;interno dello scafo. Il cadavere si trovava sul ponte 7, a poppa della , nella [&hellip;]<\/p>\n","protected":false},"author":13744,"featured_media":0,"comment_status":"open","ping_status":"closed","sticky":false,"template":"","format":"standard","meta":{"footnotes":""},"categories":[34],"tags":[412,2761,1688,14710],"class_list":["post-209698","post","type-post","status-publish","format-standard","hentry","category-cronaca","tag-costa-crociere","tag-dispersi","tag-giglio","tag-pierluigi-foschi","post_cat_citta-andora","post_cat_citta-savona"],"amp_validity":null,"amp_enabled":true,"_links":{"self":[{"href":"https:\/\/staging.ivg.it\/ediapi\/wp\/v2\/posts\/209698","targetHints":{"allow":["GET"]}}],"collection":[{"href":"https:\/\/staging.ivg.it\/ediapi\/wp\/v2\/posts"}],"about":[{"href":"https:\/\/staging.ivg.it\/ediapi\/wp\/v2\/types\/post"}],"author":[{"embeddable":true,"href":"https:\/\/staging.ivg.it\/ediapi\/wp\/v2\/users\/13744"}],"replies":[{"embeddable":true,"href":"https:\/\/staging.ivg.it\/ediapi\/wp\/v2\/comments?post=209698"}],"version-history":[{"count":0,"href":"https:\/\/staging.ivg.it\/ediapi\/wp\/v2\/posts\/209698\/revisions"}],"wp:attachment":[{"href":"https:\/\/staging.ivg.it\/ediapi\/wp\/v2\/media?parent=209698"}],"wp:term":[{"taxonomy":"category","embeddable":true,"href":"https:\/\/staging.ivg.it\/ediapi\/wp\/v2\/categories?post=209698"},{"taxonomy":"post_tag","embeddable":true,"href":"https:\/\/staging.ivg.it\/ediapi\/wp\/v2\/tags?post=209698"}],"curies":[{"name":"wp","href":"https:\/\/api.w.org\/{rel}","templated":true}]}}