{"id":209492,"date":"2012-01-19T13:19:56","date_gmt":"2012-01-19T12:19:56","guid":{"rendered":"http:\/\/www.ivg.it\/?p=209492"},"modified":"2012-01-19T13:19:56","modified_gmt":"2012-01-19T12:19:56","slug":"albisola-superiore-ancora-in-aumento-la-differenziata","status":"publish","type":"post","link":"https:\/\/staging.ivg.it\/2012\/01\/albisola-superiore-ancora-in-aumento-la-differenziata\/","title":{"rendered":"Albisola Superiore, ancora in aumento la differenziata"},"content":{"rendered":"<p><strong>Albisola S.<\/strong> Nel mese di dicembre 2011 ad Albisola Superiore la percentuale di differenziata \u00e8 aumentata di circa 3 punti, rispetto al mese precedente, raggiungendo il 47,93% con un trend di crescita molto promettente.<\/p>\n<p>&#8220;Un dato straordinario. Il porta a porta si conferma la scelta giusta e gli albisolesi hanno risposto nel migliore dei modi svolgendo un ruolo fondamentale nella riuscita del servizio&#8221;, dichiara l&#8217;assessore all&#8217;Ambiente Roberta Casapietra.<\/p>\n<p>La plastica da ottobre \u00e8 triplicata, il vetro \u00e8 a +25%, la carta a +57%. Le batterie sono settuplicate. Il rifiuto totale, rispetto al mese di novembre, \u00e8 cresciuto del 4%, fenomeno del tutto normale considerando la presenza dei turisti delle festivit\u00e0 natalizie e i rifiuti di coloro che nel primo mese li hanno conferiti altrove e a dicembre si sono adeguati.<\/p>\n<p>Grazie ai mesi di novembre e dicembre la media del 2011 si attesta sul 25%. &#8220;Se i parametri della Regione rimarranno quelli dell&#8217;anno scorso &#8211; precisa l\u00b4Assessore Casapietra -, il Comune di Albisola Superiore potrebbe gi\u00e0 ricevere da quest&#8217;anno un piccolo premio per i livelli di differenziata raggiunti. Il Comune rientra ora tra i primi cinque Comuni della provincia di Savona per percentuale di differenziata&#8221;.<\/p>\n","protected":false},"excerpt":{"rendered":"<p>Albisola S. Nel mese di dicembre 2011 ad Albisola Superiore la percentuale di differenziata \u00e8 aumentata di circa 3 punti, rispetto al mese precedente, raggiungendo il 47,93% con un trend di crescita molto promettente. &#8220;Un dato straordinario. Il porta a porta si conferma la scelta giusta e gli albisolesi hanno risposto nel migliore dei modi [&hellip;]<\/p>\n","protected":false},"author":13744,"featured_media":0,"comment_status":"open","ping_status":"closed","sticky":false,"template":"","format":"standard","meta":{"footnotes":""},"categories":[56],"tags":[432,10968,498,9891],"class_list":["post-209492","post","type-post","status-publish","format-standard","hentry","category-altre","tag-albisola","tag-differenziata","tag-rifiuti","tag-spazzatura","post_cat_citta-albisola-superiore"],"amp_validity":null,"amp_enabled":true,"_links":{"self":[{"href":"https:\/\/staging.ivg.it\/ediapi\/wp\/v2\/posts\/209492","targetHints":{"allow":["GET"]}}],"collection":[{"href":"https:\/\/staging.ivg.it\/ediapi\/wp\/v2\/posts"}],"about":[{"href":"https:\/\/staging.ivg.it\/ediapi\/wp\/v2\/types\/post"}],"author":[{"embeddable":true,"href":"https:\/\/staging.ivg.it\/ediapi\/wp\/v2\/users\/13744"}],"replies":[{"embeddable":true,"href":"https:\/\/staging.ivg.it\/ediapi\/wp\/v2\/comments?post=209492"}],"version-history":[{"count":0,"href":"https:\/\/staging.ivg.it\/ediapi\/wp\/v2\/posts\/209492\/revisions"}],"wp:attachment":[{"href":"https:\/\/staging.ivg.it\/ediapi\/wp\/v2\/media?parent=209492"}],"wp:term":[{"taxonomy":"category","embeddable":true,"href":"https:\/\/staging.ivg.it\/ediapi\/wp\/v2\/categories?post=209492"},{"taxonomy":"post_tag","embeddable":true,"href":"https:\/\/staging.ivg.it\/ediapi\/wp\/v2\/tags?post=209492"}],"curies":[{"name":"wp","href":"https:\/\/api.w.org\/{rel}","templated":true}]}}