{"id":209433,"date":"2012-01-18T16:15:57","date_gmt":"2012-01-18T15:15:57","guid":{"rendered":"http:\/\/www.ivg.it\/?p=209433"},"modified":"2012-01-19T09:38:45","modified_gmt":"2012-01-19T08:38:45","slug":"finale-aggressione-a-venditore-ambulante-senegalese-sei-torinesi-a-giudizio","status":"publish","type":"post","link":"https:\/\/staging.ivg.it\/2012\/01\/finale-aggressione-a-venditore-ambulante-senegalese-sei-torinesi-a-giudizio\/","title":{"rendered":"Finale, aggressione a venditore ambulante senegalese: sei torinesi a giudizio"},"content":{"rendered":"<p><strong>Finale L.<\/strong> Nuova udienza questa mattina del processo che vede sei torinesi a giudizio con l&#8217;accusa di lesioni, rapina e odio razziale per un episodio del 31 agosto del 2008. Secondo l&#8217;accusa il gruppo di amici, Laura Niemen, 36 anni, Ren\u00e8 Novarese, 24, Giuliano Novarese, 26, Giuseppe De Feudis, 23, Cristian De Feudis, 37, Luigi Incarnato, 25, avrebbe partecipato all&#8217;aggressione sulla spiaggia, sfociata poi in rapina, a danno di un un venditore ambulante senegalese. Per quel fatto erano anche finiti in manette anche altri due giovani torinesi, Eros Argiolas e Andrea Scarpiello, che hanno gi\u00e0 patteggiato.<\/p>\n<p>In aula stamattina, come testimoni, sono stati sentiti proprio i due arrestati e uno di loro, si \u00e8 assunto la piena responsabilit\u00e0 dell&#8217;aggressione al venditore ambulante negando il coinvolgimento degli altri ragazzi. Ai sei, cos\u00ec come a , il sostituto procuratore G.B. Ferro aveva contestato l&#8217;aggravante dell&#8217;odio razziale per gli insulti (&#8220;Vai via, sporco negro&#8221; e &#8220;Torna in Africa, al tuo paese di merda&#8221;) rivolti all&#8217;indirizzo dell&#8217;immigrato. <\/p>\n<p>Il diverbio tra i turisti e l&#8217;ambulante, un quarantenne con regolare permesso di soggiorno e di commercio, era nato sul prezzo di un paio di occhiali che l&#8217;immigrato non voleva svendere. Al culmine del diverbio l&#8217;uomo era stato colpito da alcuni pugni al volto (10 giorni di prognosi) e pesantemente insultato. Dopo l&#8217;audizione dei testimoni il giudice ha rinviato il processo al prossimo 17 ottobre.<\/p>\n","protected":false},"excerpt":{"rendered":"<p>Finale L. Nuova udienza questa mattina del processo che vede sei torinesi a giudizio con l&#8217;accusa di lesioni, rapina e odio razziale per un episodio del 31 agosto del 2008. Secondo l&#8217;accusa il gruppo di amici, Laura Niemen, 36 anni, Ren\u00e8 Novarese, 24, Giuliano Novarese, 26, Giuseppe De Feudis, 23, Cristian De Feudis, 37, Luigi [&hellip;]<\/p>\n","protected":false},"author":13744,"featured_media":0,"comment_status":"open","ping_status":"closed","sticky":false,"template":"","format":"standard","meta":{"footnotes":""},"categories":[34],"tags":[717,209,11358],"class_list":["post-209433","post","type-post","status-publish","format-standard","hentry","category-cronaca","tag-aggressione","tag-finale","tag-senegalese","post_cat_citta-finale-ligure"],"amp_validity":null,"amp_enabled":true,"_links":{"self":[{"href":"https:\/\/staging.ivg.it\/ediapi\/wp\/v2\/posts\/209433","targetHints":{"allow":["GET"]}}],"collection":[{"href":"https:\/\/staging.ivg.it\/ediapi\/wp\/v2\/posts"}],"about":[{"href":"https:\/\/staging.ivg.it\/ediapi\/wp\/v2\/types\/post"}],"author":[{"embeddable":true,"href":"https:\/\/staging.ivg.it\/ediapi\/wp\/v2\/users\/13744"}],"replies":[{"embeddable":true,"href":"https:\/\/staging.ivg.it\/ediapi\/wp\/v2\/comments?post=209433"}],"version-history":[{"count":0,"href":"https:\/\/staging.ivg.it\/ediapi\/wp\/v2\/posts\/209433\/revisions"}],"wp:attachment":[{"href":"https:\/\/staging.ivg.it\/ediapi\/wp\/v2\/media?parent=209433"}],"wp:term":[{"taxonomy":"category","embeddable":true,"href":"https:\/\/staging.ivg.it\/ediapi\/wp\/v2\/categories?post=209433"},{"taxonomy":"post_tag","embeddable":true,"href":"https:\/\/staging.ivg.it\/ediapi\/wp\/v2\/tags?post=209433"}],"curies":[{"name":"wp","href":"https:\/\/api.w.org\/{rel}","templated":true}]}}