{"id":209299,"date":"2012-01-16T17:07:51","date_gmt":"2012-01-16T16:07:51","guid":{"rendered":"http:\/\/www.ivg.it\/?p=209299"},"modified":"2012-01-17T09:48:10","modified_gmt":"2012-01-17T08:48:10","slug":"costa-concordia-parla-la-savonese-a-bordo-un-bambino-mi-ha-stretto-la-mano-e-mi-ha-detto-mai-piu","status":"publish","type":"post","link":"https:\/\/staging.ivg.it\/2012\/01\/costa-concordia-parla-la-savonese-a-bordo-un-bambino-mi-ha-stretto-la-mano-e-mi-ha-detto-mai-piu\/","title":{"rendered":"Costa Concordia, parla la savonese a bordo: &#8220;Un bambino mi ha stretto la mano e mi ha detto mai pi\u00f9&#8230;&#8221;"},"content":{"rendered":"<p><strong>Savona.<\/strong> L&#8217;unica residente a Savona tra i naufraghi della Costa Concordia. Assieme al suo compagno e ai suiceri in viaggio per una crociera nel Mediterraneo racconta le drammatiche fasi dell&#8217;evacuazione dalla nave, una testimonianza simile a tante altre, ma certamente significativa sullo spirito dei passeggeri a bordo della Costa.<\/p>\n<p>&#8220;C&#8217;era il bambino di una coppia, che era con noi sulla scialuppa, mi ha stretto forte la mano e una volta a terra l&#8217;abbiamo aiutato a scendere, mi ha detto ma &#8216;qui sono tutti pazzi&#8230;qui dove siamo? Adesso dove siamo? Ma io non ne faccio pi\u00f9 di crociere&#8230;&#8217; Bh\u00e8, penso che tanti per un p\u00f2 rinunceranno&#8230;E&#8217; stata una esperienza terribile&#8230;&#8221; racconta Stefania Arrigoni.<\/p>\n<p>Ecco la testimonianza: &#8220;Eravamo al casin\u00f2 quando abbiamo sentito un botto fortissimo, stava cadendo di tutto, poi siamo andati nelle camere, l&#8217;equipaggio ci ha rassicurato dicendo che era un problema elettrico, &#8216;state tranquilli&#8230;&#8217;, ma la nave si era inclinata paurosamente&#8230;&#8221; dice Stefania Arrigoni.<\/p>\n<p>&#8220;Non sapevo cosa pensare, era incredibile vivere quel momento, non potevamo immaginare e realizzare&#8230;Anche quando siamo arrivati alle scialuppe, l&#8217;equipaggio ha provato di nuovo a rassicurarci, ma avevamo capito che qualcosa di grave era successo e che dovevamo in tutta fretta lasciare la nave&#8230;&#8221;.<\/p>\n<p>&#8220;Non ho mai avuto intenzione di buttarmi, era buio, non si capiva bene la distanza dalla costa, il mio compagno stava per gettarsi in mare&#8230;Ho visto tanto panico e tanta paura, molta gente \u00e8 caduta e chiedeva aiuto&#8230;specie le famiglie&#8230;&#8221; conclude. <\/p>\n","protected":false},"excerpt":{"rendered":"<p>Savona. L&#8217;unica residente a Savona tra i naufraghi della Costa Concordia. Assieme al suo compagno e ai suiceri in viaggio per una crociera nel Mediterraneo racconta le drammatiche fasi dell&#8217;evacuazione dalla nave, una testimonianza simile a tante altre, ma certamente significativa sullo spirito dei passeggeri a bordo della Costa. &#8220;C&#8217;era il bambino di una coppia, [&hellip;]<\/p>\n","protected":false},"author":4,"featured_media":0,"comment_status":"open","ping_status":"closed","sticky":false,"template":"","format":"standard","meta":{"footnotes":""},"categories":[34],"tags":[412,85850],"class_list":["post-209299","post","type-post","status-publish","format-standard","hentry","category-cronaca","tag-costa-crociere","tag-savona"],"amp_validity":null,"amp_enabled":true,"_links":{"self":[{"href":"https:\/\/staging.ivg.it\/ediapi\/wp\/v2\/posts\/209299","targetHints":{"allow":["GET"]}}],"collection":[{"href":"https:\/\/staging.ivg.it\/ediapi\/wp\/v2\/posts"}],"about":[{"href":"https:\/\/staging.ivg.it\/ediapi\/wp\/v2\/types\/post"}],"author":[{"embeddable":true,"href":"https:\/\/staging.ivg.it\/ediapi\/wp\/v2\/users\/4"}],"replies":[{"embeddable":true,"href":"https:\/\/staging.ivg.it\/ediapi\/wp\/v2\/comments?post=209299"}],"version-history":[{"count":0,"href":"https:\/\/staging.ivg.it\/ediapi\/wp\/v2\/posts\/209299\/revisions"}],"wp:attachment":[{"href":"https:\/\/staging.ivg.it\/ediapi\/wp\/v2\/media?parent=209299"}],"wp:term":[{"taxonomy":"category","embeddable":true,"href":"https:\/\/staging.ivg.it\/ediapi\/wp\/v2\/categories?post=209299"},{"taxonomy":"post_tag","embeddable":true,"href":"https:\/\/staging.ivg.it\/ediapi\/wp\/v2\/tags?post=209299"}],"curies":[{"name":"wp","href":"https:\/\/api.w.org\/{rel}","templated":true}]}}