{"id":209109,"date":"2012-01-13T14:25:40","date_gmt":"2012-01-13T13:25:40","guid":{"rendered":"http:\/\/www.ivg.it\/?p=209109"},"modified":"2012-01-13T19:00:59","modified_gmt":"2012-01-13T18:00:59","slug":"entra-in-servizio-ark-futura-la-nuova-nave-del-gruppo-grendi-sulla-linea-vado-cagliari","status":"publish","type":"post","link":"https:\/\/staging.ivg.it\/2012\/01\/entra-in-servizio-ark-futura-la-nuova-nave-del-gruppo-grendi-sulla-linea-vado-cagliari\/","title":{"rendered":"Entra in servizio Ark Futura, la nuova nave del Gruppo Grendi sulla linea Vado-Cagliari"},"content":{"rendered":"<p><strong>Savona<\/strong>. Entra in servizio sulla linea Vado-Cagliari Ark futura, la nuova nave del Gruppo Grendi. Ark futura sostituisce la motonave Onda Blu che \u00e8 stata venduta a un operatore turco e uscir\u00e0 dalla linea Vado-Cagliari a fine mese.<\/p>\n<p>La nuova nave \u00e8 stata presa a noleggio dal Gruppo Grendi e sabato effettuer\u00e0 la prima partenza per Vado. Si tratta di una nave costruita in Italia dai cantieri Visentini che oggi batte bandiera europea (danese).<\/p>\n<p>La nave presenta le seguenti caratteristiche: \u00e8 lunga 183 metri lineari, ha una stazza lorda di 18.000 tons e ha una velocit\u00e0 di 18 nodi.<\/p>\n<p>Ark futura ha una portata di 2.300 metri lineari o 650 teu e  rappresenta un aumento della portata del 100 % rispetto alla motonave Onda Blu a dimostrazione che, nonostante la crisi, Grendi continua a credere nel proprio servizio e investe per il suo sviluppo.<\/p>\n","protected":false},"excerpt":{"rendered":"<p>Savona. Entra in servizio sulla linea Vado-Cagliari Ark futura, la nuova nave del Gruppo Grendi. Ark futura sostituisce la motonave Onda Blu che \u00e8 stata venduta a un operatore turco e uscir\u00e0 dalla linea Vado-Cagliari a fine mese. La nuova nave \u00e8 stata presa a noleggio dal Gruppo Grendi e sabato effettuer\u00e0 la prima partenza [&hellip;]<\/p>\n","protected":false},"author":13744,"featured_media":0,"comment_status":"open","ping_status":"closed","sticky":false,"template":"","format":"standard","meta":{"footnotes":""},"categories":[35],"tags":[968,85850,261],"class_list":["post-209109","post","type-post","status-publish","format-standard","hentry","category-economia","tag-porto","tag-savona","tag-vado","post_cat_citta-savona","post_cat_citta-vado-ligure"],"amp_validity":null,"amp_enabled":true,"_links":{"self":[{"href":"https:\/\/staging.ivg.it\/ediapi\/wp\/v2\/posts\/209109","targetHints":{"allow":["GET"]}}],"collection":[{"href":"https:\/\/staging.ivg.it\/ediapi\/wp\/v2\/posts"}],"about":[{"href":"https:\/\/staging.ivg.it\/ediapi\/wp\/v2\/types\/post"}],"author":[{"embeddable":true,"href":"https:\/\/staging.ivg.it\/ediapi\/wp\/v2\/users\/13744"}],"replies":[{"embeddable":true,"href":"https:\/\/staging.ivg.it\/ediapi\/wp\/v2\/comments?post=209109"}],"version-history":[{"count":0,"href":"https:\/\/staging.ivg.it\/ediapi\/wp\/v2\/posts\/209109\/revisions"}],"wp:attachment":[{"href":"https:\/\/staging.ivg.it\/ediapi\/wp\/v2\/media?parent=209109"}],"wp:term":[{"taxonomy":"category","embeddable":true,"href":"https:\/\/staging.ivg.it\/ediapi\/wp\/v2\/categories?post=209109"},{"taxonomy":"post_tag","embeddable":true,"href":"https:\/\/staging.ivg.it\/ediapi\/wp\/v2\/tags?post=209109"}],"curies":[{"name":"wp","href":"https:\/\/api.w.org\/{rel}","templated":true}]}}