{"id":209028,"date":"2012-01-13T13:07:31","date_gmt":"2012-01-13T12:07:31","guid":{"rendered":"http:\/\/www.ivg.it\/?p=209028"},"modified":"2012-01-13T17:59:45","modified_gmt":"2012-01-13T16:59:45","slug":"centro-latte-savona-produzione-al-minimo-storico-dopo-64-anni-nominato-il-commissario-per-il-concordato","status":"publish","type":"post","link":"https:\/\/staging.ivg.it\/2012\/01\/centro-latte-savona-produzione-al-minimo-storico-dopo-64-anni-nominato-il-commissario-per-il-concordato\/","title":{"rendered":"Centro Latte Savona: produzione al minimo storico dopo 64 anni, nominato il commissario per il concordato"},"content":{"rendered":"<p><strong>Savona<\/strong>. Si apre la pratica del concordato preventivo per il Centro Latte Savona: il giudice delegato Alberto Princiotta ha nominato il commissario per la procedura tesa a scongiurare il fallimento. Si tratta del dottor Ambrogio Botta, con studio ad Albenga. E&#8217; stata inoltre fissata la convocazione dei creditori per il prossimo 9 febbraio. Lo scorso 3 gennaio il legale rappresentante pro tempore dell&#8217;azienda, Giuseppe Zunino, aveva presentato la domanda per l&#8217;ammissione al concordato preventivo presentando un piano per garantire la continuit\u00e0 aziendale e la presenza sul mercato del marchio Mu.<\/p>\n<p>I dipendenti, intanto, temono per la prosecuzione del lavoro che \u00e8 ormai calato ai minimi termini, anche se la Centrale del Latte di Alessandria e Asti sta continuando l&#8217;attivit\u00e0 assunta con l&#8217;affitto di ramo d&#8217;azienda sottoscritto lo scorso settembre. Rapida la successione degli eventi che hanno prostrato il sito produttivo operativo sin dal 1948.<\/p>\n<p>Negli ultimi mesi del 2011 la produzione in corso Ricci si \u00e8 ridotta all&#8217;osso, mentre il magazzino in zona Paip ospitava solo il 25% della sua capacit\u00e0 e i prodotti risultava spesso mancanti per gli ordini dei padroncini che quotidianamente riforniscono negozi, bar, gelaterie, supermercati, ecc. I dubbi sono molteplici, non solo sull&#8217;assetto societario, ma sul funzionamento effettivo dell&#8217;impianto di corso Ricci, sul deposito di Legino e sul destino del marchio Mu che ha tirato su generazioni di savonesi.<\/p>\n<p>Nello stabilimento la produzione \u00e8 limitata al latte fresco o quasi. Se un tempo i viaggi verso il magazzino erano almeno quattro al giorno, oggi sono al massimo due. L&#8217;orario di lavoro \u00e8 ridotto allo stretto necessario. Sino all&#8217;anno scorso si confezionava anche latte &#8220;su richiesta&#8221;, quello etichettato con nomi diversi come Podda o Biraghi; i camion caricavano ogni settimana per smistare la merce in Piemonte, Toscana o Valle d&#8217;Aosta: ora questo tipo di produzione \u00e8 venuta a cessare con il tracrollo del lavoro per i magazzinieri.<\/p>\n<p>Sono stati eliminati quasi tutti gli ordini al di fuori dell&#8217;ambito provinciale. Rimane solo la zona di Cuneo e quella di Mondov\u00ec. Con la fine dell&#8217;attivit\u00e0 sul marchio di terzi, almeno per quanto riguarda il latte a lunga conservazione, la proiezione verso le altre regioni \u00e8 ormai un ricordo.<\/p>\n<p>La scorsa estate, per soddisfare la domanda incrementata dai turisti, il Centro Savona si \u00e8 concentrato sul confezionamento del latte fresco e del latte UHT da mezzo litro, mentre il latte UHT da litro (quello rosso e blu) \u00e8 stato anche affidato ad un&#8217;azienda terza di Cremona. Le confezioni prodotte a Savona e a Cremona erano identiche ai pi\u00f9, ma diverse per l&#8217;occhio esperto. Sulle confezioni provenienti da Cremona mancava la dicitura &#8220;solo latte italiano&#8221;, tanto da far ingenerare il sospetto che si trattasse di latte di qualit\u00e0 scadente proveniente dall&#8217;estero, presumibilmente dalla Romania.<\/p>\n","protected":false},"excerpt":{"rendered":"<p>Savona. Si apre la pratica del concordato preventivo per il Centro Latte Savona: il giudice delegato Alberto Princiotta ha nominato il commissario per la procedura tesa a scongiurare il fallimento. Si tratta del dottor Ambrogio Botta, con studio ad Albenga. E&#8217; stata inoltre fissata la convocazione dei creditori per il prossimo 9 febbraio. Lo scorso [&hellip;]<\/p>\n","protected":false},"author":13744,"featured_media":0,"comment_status":"open","ping_status":"closed","sticky":false,"template":"","format":"standard","meta":{"footnotes":""},"categories":[35],"tags":[2587,38199,6116,1357,85850],"class_list":["post-209028","post","type-post","status-publish","format-standard","hentry","category-economia","tag-centrale-del-latte","tag-centro-latte","tag-fallimento","tag-latte","tag-savona","post_cat_citta-savona"],"amp_validity":null,"amp_enabled":true,"_links":{"self":[{"href":"https:\/\/staging.ivg.it\/ediapi\/wp\/v2\/posts\/209028","targetHints":{"allow":["GET"]}}],"collection":[{"href":"https:\/\/staging.ivg.it\/ediapi\/wp\/v2\/posts"}],"about":[{"href":"https:\/\/staging.ivg.it\/ediapi\/wp\/v2\/types\/post"}],"author":[{"embeddable":true,"href":"https:\/\/staging.ivg.it\/ediapi\/wp\/v2\/users\/13744"}],"replies":[{"embeddable":true,"href":"https:\/\/staging.ivg.it\/ediapi\/wp\/v2\/comments?post=209028"}],"version-history":[{"count":0,"href":"https:\/\/staging.ivg.it\/ediapi\/wp\/v2\/posts\/209028\/revisions"}],"wp:attachment":[{"href":"https:\/\/staging.ivg.it\/ediapi\/wp\/v2\/media?parent=209028"}],"wp:term":[{"taxonomy":"category","embeddable":true,"href":"https:\/\/staging.ivg.it\/ediapi\/wp\/v2\/categories?post=209028"},{"taxonomy":"post_tag","embeddable":true,"href":"https:\/\/staging.ivg.it\/ediapi\/wp\/v2\/tags?post=209028"}],"curies":[{"name":"wp","href":"https:\/\/api.w.org\/{rel}","templated":true}]}}