{"id":208643,"date":"2012-01-04T12:27:41","date_gmt":"2012-01-04T11:27:41","guid":{"rendered":"http:\/\/www.ivg.it\/?p=208643"},"modified":"2012-01-04T18:51:22","modified_gmt":"2012-01-04T17:51:22","slug":"saldi-al-via-bertino-confcommercio-no-a-previsioni-catastrofiche-il-67-dei-clienti-comprera-merce-scontata","status":"publish","type":"post","link":"https:\/\/staging.ivg.it\/2012\/01\/saldi-al-via-bertino-confcommercio-no-a-previsioni-catastrofiche-il-67-dei-clienti-comprera-merce-scontata\/","title":{"rendered":"Saldi, Bertino (Confcommercio): &#8220;No a previsioni catastrofiche. Il 67% dei clienti comprer\u00e0 merce scontata&#8221;"},"content":{"rendered":"<p><strong>Savona.<\/strong> Un calo degli acquisti natalizi, ma senza catastrofismi: l&#8217;inizio dei saldi dovrebbe relagare qualche piccola &#8220;gioia&#8221; ai commercianti savonesi, in un periodo davvero poco felice. Parola del il presidente di Confcommercio Savona, Vincenzo Bertino.<\/p>\n<p>&#8220;Si \u00e8 certamente registrata una flessione nelle spese di Natale, ma sono fiducioso: i saldi hanno sempre dato buoni risultati &#8211; dice &#8211; Secondo i dati, quest&#8217;anno il 67% dei potenziali clienti entrer\u00e0 in un negozio per comprare prodotti scontati. La fine dell&#8217;anno \u00e8 stata certamente problematica dal punto di vista dei consumi, ma gli acquisti legati alle festivit\u00e0 non sono stati catastrofici. Si registra un calo nelle spese per abbigliamento e calzature, meglio i giocattoli e la tecnologia. Certo, il 2012 sar\u00e0 un anno impegnativo&#8221;.<\/p>\n<p>&#8220;Come Confcommercio abbiamo dei doveri: siamo la pi\u00f9 grande associazione della provincia per quanto riguarda l&#8217;imprenditoria e, senza arroganza, non possiamo evitare di mettere in guardia tutti sul futuro che ci attende &#8211; continua Bertino &#8211; Siamo ovviamente preoccupati: \u00e8 necessaria una maggiore aggregazione fra le imprese savonesi, dobbiamo credere alla &#8216;cosa pubblica&#8217;, partire con i progetti necessari al rilancio, iniziando dall&#8217;accoglienza. Durante la crisi si pu\u00f2 cambiare, superare certe barriere e far nascere cose buone. Purtroppo spesso sembra che, a parole, tutti facciano la loro parte, ma non \u00e8 sempre cos\u00ec&#8221;.<\/p>\n","protected":false},"excerpt":{"rendered":"<p>Savona. Un calo degli acquisti natalizi, ma senza catastrofismi: l&#8217;inizio dei saldi dovrebbe relagare qualche piccola &#8220;gioia&#8221; ai commercianti savonesi, in un periodo davvero poco felice. Parola del il presidente di Confcommercio Savona, Vincenzo Bertino. &#8220;Si \u00e8 certamente registrata una flessione nelle spese di Natale, ma sono fiducioso: i saldi hanno sempre dato buoni risultati [&hellip;]<\/p>\n","protected":false},"author":13744,"featured_media":0,"comment_status":"open","ping_status":"closed","sticky":false,"template":"","format":"standard","meta":{"footnotes":""},"categories":[35],"tags":[1973,595,3763,85850,3917],"class_list":["post-208643","post","type-post","status-publish","format-standard","hentry","category-economia","tag-confcommercio","tag-crisi","tag-saldi","tag-savona","tag-vincenzo-bertino","post_cat_citta-savona"],"amp_validity":null,"amp_enabled":true,"_links":{"self":[{"href":"https:\/\/staging.ivg.it\/ediapi\/wp\/v2\/posts\/208643","targetHints":{"allow":["GET"]}}],"collection":[{"href":"https:\/\/staging.ivg.it\/ediapi\/wp\/v2\/posts"}],"about":[{"href":"https:\/\/staging.ivg.it\/ediapi\/wp\/v2\/types\/post"}],"author":[{"embeddable":true,"href":"https:\/\/staging.ivg.it\/ediapi\/wp\/v2\/users\/13744"}],"replies":[{"embeddable":true,"href":"https:\/\/staging.ivg.it\/ediapi\/wp\/v2\/comments?post=208643"}],"version-history":[{"count":0,"href":"https:\/\/staging.ivg.it\/ediapi\/wp\/v2\/posts\/208643\/revisions"}],"wp:attachment":[{"href":"https:\/\/staging.ivg.it\/ediapi\/wp\/v2\/media?parent=208643"}],"wp:term":[{"taxonomy":"category","embeddable":true,"href":"https:\/\/staging.ivg.it\/ediapi\/wp\/v2\/categories?post=208643"},{"taxonomy":"post_tag","embeddable":true,"href":"https:\/\/staging.ivg.it\/ediapi\/wp\/v2\/tags?post=208643"}],"curies":[{"name":"wp","href":"https:\/\/api.w.org\/{rel}","templated":true}]}}