{"id":208306,"date":"2011-12-28T14:49:49","date_gmt":"2011-12-28T13:49:49","guid":{"rendered":"http:\/\/www.ivg.it\/?p=208306"},"modified":"2011-12-28T14:49:49","modified_gmt":"2011-12-28T13:49:49","slug":"ecco-simone-il-millesimo-nato-della-citta-di-savona","status":"publish","type":"post","link":"https:\/\/staging.ivg.it\/2011\/12\/ecco-simone-il-millesimo-nato-della-citta-di-savona\/","title":{"rendered":"Ecco Simone, il millesimo nato della citt\u00e0 di Savona"},"content":{"rendered":"<p><strong>Savona<\/strong>. E&#8217; nato questa mattina dopo 8 mesi di gestazione Simone Mosca, 2,3 kg, il millesimo nato della Citt\u00e0 di Savona.<\/p>\n<p>Simone, che, come ci raccontano la mamma e il pap\u00e0, &#8220;si \u00e8 fatto attendere 8 anni&#8221;, \u00e8 il primo figlio di una coppia impegnata nel Gruppo Grotte CAI Savona (il pap\u00e0 \u00e8 il segretario) e quindi, sperano i genitori, sar\u00e0 sicuramente appassionato di montagna ed escursioni all&#8217;aria aperta.<\/p>\n<p>Nella foto: il piccolo Simone e la sua famiglia in compagnia del sindaco di Savona Federico Berruti e del direttore Generale ASL 2 Flavio Neirotti.<\/p>\n","protected":false},"excerpt":{"rendered":"<p>Savona. E&#8217; nato questa mattina dopo 8 mesi di gestazione Simone Mosca, 2,3 kg, il millesimo nato della Citt\u00e0 di Savona. Simone, che, come ci raccontano la mamma e il pap\u00e0, &#8220;si \u00e8 fatto attendere 8 anni&#8221;, \u00e8 il primo figlio di una coppia impegnata nel Gruppo Grotte CAI Savona (il pap\u00e0 \u00e8 il segretario) [&hellip;]<\/p>\n","protected":false},"author":13744,"featured_media":0,"comment_status":"open","ping_status":"closed","sticky":false,"template":"","format":"standard","meta":{"footnotes":""},"categories":[],"tags":[1062,1282,29296,230,85850],"class_list":["post-208306","post","type-post","status-publish","format-standard","hentry","tag-federico-berruti","tag-flavio-neirotti","tag-millesimo-nato","tag-ospedale-san-paolo","tag-savona","post_cat_citta-savona"],"amp_validity":null,"amp_enabled":true,"_links":{"self":[{"href":"https:\/\/staging.ivg.it\/ediapi\/wp\/v2\/posts\/208306","targetHints":{"allow":["GET"]}}],"collection":[{"href":"https:\/\/staging.ivg.it\/ediapi\/wp\/v2\/posts"}],"about":[{"href":"https:\/\/staging.ivg.it\/ediapi\/wp\/v2\/types\/post"}],"author":[{"embeddable":true,"href":"https:\/\/staging.ivg.it\/ediapi\/wp\/v2\/users\/13744"}],"replies":[{"embeddable":true,"href":"https:\/\/staging.ivg.it\/ediapi\/wp\/v2\/comments?post=208306"}],"version-history":[{"count":0,"href":"https:\/\/staging.ivg.it\/ediapi\/wp\/v2\/posts\/208306\/revisions"}],"wp:attachment":[{"href":"https:\/\/staging.ivg.it\/ediapi\/wp\/v2\/media?parent=208306"}],"wp:term":[{"taxonomy":"category","embeddable":true,"href":"https:\/\/staging.ivg.it\/ediapi\/wp\/v2\/categories?post=208306"},{"taxonomy":"post_tag","embeddable":true,"href":"https:\/\/staging.ivg.it\/ediapi\/wp\/v2\/tags?post=208306"}],"curies":[{"name":"wp","href":"https:\/\/api.w.org\/{rel}","templated":true}]}}