{"id":208082,"date":"2011-12-23T13:04:40","date_gmt":"2011-12-23T12:04:40","guid":{"rendered":"http:\/\/www.ivg.it\/?p=208082"},"modified":"2011-12-24T09:00:32","modified_gmt":"2011-12-24T08:00:32","slug":"il-savona-calcio-e-stato-dichiarato-fallito","status":"publish","type":"post","link":"https:\/\/staging.ivg.it\/2011\/12\/il-savona-calcio-e-stato-dichiarato-fallito\/","title":{"rendered":"Il Savona Calcio \u00e8 stato dichiarato fallito: il curatore \u00e8 Alberto Marchese"},"content":{"rendered":"<p><strong>Savona<\/strong>. Il Savona 1907 Fbc \u00e8 stato dichiarato fallito. Si conclude cos\u00ec un copione gi\u00e0 scritto, quello degli ultimi scampoli di sopravvivenza societaria prima del capolinea formale, sentenziato stamane in tribunale. E&#8217; stato nominato quale curatore fallimentare Alberto Marchese, che in passato aveva seguito le sorti della Lucchese. D&#8217;ora in avanti gli eventuali acquisitori dovranno trattare con il liquidatore.<\/p>\n<p>Il giudice delegato Davide Atzeni convocher\u00e0 presto il comitato dei creditori. Pi\u00f9 avanti si aprir\u00e0 la discussione sull&#8217;assetto debitorio. Con questi atti al terzo piano di Palazzo di Giustizia, che succedono all&#8217;udienza di ieri mattina, si concretizza il fallimento della societ\u00e0 biancobl\u00f9.<\/p>\n<p>La strada, tuttavia, rimane in salita: la trasferta a Montichiari per l&#8217;8 gennaio \u00e8 in forse, anzitutto, proprio per i problemi spiccioli dell&#8217;economia materiale, mentre gi\u00e0 il 27 dicembre il Comune toglier\u00e0 allo staff le chiavi del Bacigalupo. Il giro di boa delle feste natalizie, quindi, si presenta molto delicato. <\/p>\n<p>Ieri nell&#8217;udienza pre-fallimentare si era materializzata la rappresentanza legale del gruppo torinese interessato al subentro, ma non era stata ammessa a presentare il progetto di concordato preventivo. Oggi, puntale, la dichiarazione di fallimento. <\/p>\n<p>Intanto si fanno insistenti le voci di un gruppo savonese con Aldo Delle Piane pronto a investire sul nuovo sodalizio cittadino, ma a condizioni precise: condizioni che riguardano la formazione della squadra (si dovr\u00e0 verificare chi resta e chi va), i rapporti con Palazzo Sisto, le formalit\u00e0 burocratiche con la Lega Pro e il titolo sportivo. Aspetti sui quali si sono messi in moto i consulenti del Savona, Giovanni Acatte e Andrea Salice. <\/p>\n","protected":false},"excerpt":{"rendered":"<p>Savona. Il Savona 1907 Fbc \u00e8 stato dichiarato fallito. Si conclude cos\u00ec un copione gi\u00e0 scritto, quello degli ultimi scampoli di sopravvivenza societaria prima del capolinea formale, sentenziato stamane in tribunale. E&#8217; stato nominato quale curatore fallimentare Alberto Marchese, che in passato aveva seguito le sorti della Lucchese. D&#8217;ora in avanti gli eventuali acquisitori dovranno [&hellip;]<\/p>\n","protected":false},"author":13744,"featured_media":0,"comment_status":"open","ping_status":"closed","sticky":false,"template":"","format":"standard","meta":{"footnotes":""},"categories":[34,32],"tags":[85989,6116,85850,86042],"class_list":["post-208082","post","type-post","status-publish","format-standard","hentry","category-cronaca","category-sport","tag-calcio","tag-fallimento","tag-savona","tag-savona-calcio","post_cat_citta-andora","post_cat_citta-savona"],"amp_validity":null,"amp_enabled":true,"_links":{"self":[{"href":"https:\/\/staging.ivg.it\/ediapi\/wp\/v2\/posts\/208082","targetHints":{"allow":["GET"]}}],"collection":[{"href":"https:\/\/staging.ivg.it\/ediapi\/wp\/v2\/posts"}],"about":[{"href":"https:\/\/staging.ivg.it\/ediapi\/wp\/v2\/types\/post"}],"author":[{"embeddable":true,"href":"https:\/\/staging.ivg.it\/ediapi\/wp\/v2\/users\/13744"}],"replies":[{"embeddable":true,"href":"https:\/\/staging.ivg.it\/ediapi\/wp\/v2\/comments?post=208082"}],"version-history":[{"count":0,"href":"https:\/\/staging.ivg.it\/ediapi\/wp\/v2\/posts\/208082\/revisions"}],"wp:attachment":[{"href":"https:\/\/staging.ivg.it\/ediapi\/wp\/v2\/media?parent=208082"}],"wp:term":[{"taxonomy":"category","embeddable":true,"href":"https:\/\/staging.ivg.it\/ediapi\/wp\/v2\/categories?post=208082"},{"taxonomy":"post_tag","embeddable":true,"href":"https:\/\/staging.ivg.it\/ediapi\/wp\/v2\/tags?post=208082"}],"curies":[{"name":"wp","href":"https:\/\/api.w.org\/{rel}","templated":true}]}}