{"id":208081,"date":"2011-12-23T12:53:35","date_gmt":"2011-12-23T11:53:35","guid":{"rendered":"http:\/\/www.ivg.it\/?p=208081"},"modified":"2011-12-24T08:21:52","modified_gmt":"2011-12-24T07:21:52","slug":"tirreno-power-costagli-pd-vado-ligure-non-bisogna-chiudersi-in-un-angolo-ma-trattare-per-altri-passi-avanti","status":"publish","type":"post","link":"https:\/\/staging.ivg.it\/2011\/12\/tirreno-power-costagli-pd-vado-ligure-non-bisogna-chiudersi-in-un-angolo-ma-trattare-per-altri-passi-avanti\/","title":{"rendered":"Tirreno Power, Costagli (Pd Vado Ligure): &#8220;Non bisogna chiudersi in un angolo, ma trattare per altri passi avanti&#8221;"},"content":{"rendered":"<p><strong>Vado Ligure.<\/strong> Dal circolo del Pd di Vado arriva la conferma di una linea comune con la segreteria provinciale sulla questione spinosa dell&#8217;ampliamento della centrale termoelettrica. Cos\u00ec Roberto Costagli, responsabile del circolo cittadino: &#8220;Rivendichiamo il grande lavoro svolto dal Partito Democratico per arrivare al risultato sin qui raggiunto. Siamo partiti da posizioni molto lontane, con momenti difficili: con il circolo di Quiliano abbiamo portato in primo piano le nostre posizioni ed abbiamo avuto il nostro spazio di discussione in Regione. Il presidente Burlando e gli assessori sono stati interessati alle opinioni del territorio&#8221;.<\/p>\n<p>&#8220;Riteniamo &#8211; prosegue Costagli &#8211; che la delibera regionale contemperi le ragioni ambientali e di salvaguardia del territorio con i temi dello sviluppo e la creazione di posti di lavoro, ma anche l&#8217;esigenza del nostro paese sull&#8217;energia elettrica. Ora si tratta di capire se lo spiraglio, per ottenere maggiori garanzie rivendicate dai territori, sia praticabile. Come nella migliore tradizione del centrosinistra e di Vado, saremo protagonisti in modo determinanti in queste vicende, per avere il riconoscimento di tutele e ricompense. La Regione si proporr\u00e0 ancora come interlocutore per rivedere alcuni aspetti&#8221;.<\/p>\n<p>Il segretario provinciale Di Tullio e il governatore Burlando hanno espresso &#8220;amarezza&#8221; per l&#8217;assenza dei sindaci Ferrando e Caviglia al tavolo delle trattative, auspicando un maggiore coinvolgimento d&#8217;ora in poi, anche se i termini dell&#8217;accordo sulla ristrutturazione dell&#8217;impianto e la convenzione per le compensazioni sono ormai inquadrati. Dello stesso avviso Costagli, che per\u00f2 sottolinea: &#8220;Inutile le polemiche interne, perch\u00e9 il Pd \u00e8 unito e forte e cos\u00ec evita che i territorio paghino i costi delle non scelte. Non bisogna certo chiudersi in un angolo. Il Pd provinciale \u00e8 stato coerente con il percorso, pur difficile, che per\u00f2 ha portato passi in avanti&#8221;.<\/p>\n","protected":false},"excerpt":{"rendered":"<p>Vado Ligure. Dal circolo del Pd di Vado arriva la conferma di una linea comune con la segreteria provinciale sulla questione spinosa dell&#8217;ampliamento della centrale termoelettrica. Cos\u00ec Roberto Costagli, responsabile del circolo cittadino: &#8220;Rivendichiamo il grande lavoro svolto dal Partito Democratico per arrivare al risultato sin qui raggiunto. Siamo partiti da posizioni molto lontane, con [&hellip;]<\/p>\n","protected":false},"author":13744,"featured_media":0,"comment_status":"open","ping_status":"closed","sticky":false,"template":"","format":"standard","meta":{"footnotes":""},"categories":[31],"tags":[197,3931,261],"class_list":["post-208081","post","type-post","status-publish","format-standard","hentry","category-politica","tag-pd","tag-tirreno-power","tag-vado","post_cat_citta-vado-ligure"],"amp_validity":null,"amp_enabled":true,"_links":{"self":[{"href":"https:\/\/staging.ivg.it\/ediapi\/wp\/v2\/posts\/208081","targetHints":{"allow":["GET"]}}],"collection":[{"href":"https:\/\/staging.ivg.it\/ediapi\/wp\/v2\/posts"}],"about":[{"href":"https:\/\/staging.ivg.it\/ediapi\/wp\/v2\/types\/post"}],"author":[{"embeddable":true,"href":"https:\/\/staging.ivg.it\/ediapi\/wp\/v2\/users\/13744"}],"replies":[{"embeddable":true,"href":"https:\/\/staging.ivg.it\/ediapi\/wp\/v2\/comments?post=208081"}],"version-history":[{"count":0,"href":"https:\/\/staging.ivg.it\/ediapi\/wp\/v2\/posts\/208081\/revisions"}],"wp:attachment":[{"href":"https:\/\/staging.ivg.it\/ediapi\/wp\/v2\/media?parent=208081"}],"wp:term":[{"taxonomy":"category","embeddable":true,"href":"https:\/\/staging.ivg.it\/ediapi\/wp\/v2\/categories?post=208081"},{"taxonomy":"post_tag","embeddable":true,"href":"https:\/\/staging.ivg.it\/ediapi\/wp\/v2\/tags?post=208081"}],"curies":[{"name":"wp","href":"https:\/\/api.w.org\/{rel}","templated":true}]}}