{"id":208022,"date":"2011-12-22T14:33:48","date_gmt":"2011-12-22T13:33:48","guid":{"rendered":"http:\/\/www.ivg.it\/?p=208022"},"modified":"2011-12-22T14:33:48","modified_gmt":"2011-12-22T13:33:48","slug":"gioventu-italiana-savona-in-un-momento-di-crisi-acquistare-prodotti-italiani-e-un-dovere-morale","status":"publish","type":"post","link":"https:\/\/staging.ivg.it\/2011\/12\/gioventu-italiana-savona-in-un-momento-di-crisi-acquistare-prodotti-italiani-e-un-dovere-morale\/","title":{"rendered":"Giovent\u00f9 Italiana Savona: &#8220;In un momento di crisi acquistare prodotti italiani \u00e8 un dovere morale&#8221;"},"content":{"rendered":"<p><strong>Savona<\/strong>. &#8220;Visto il periodo di grave crisi economica &#8211; dichiara il segretario provinciale dei giovani de La Destra- acquistare prodotti italiani \u00e8 un dovere morale. Il Made in Italy non \u00e8 una semplice scelta ma una responsabilit\u00e0 per ciascun italiano che contemporaneamente \u00e8 consumatore e produttore. Ora pi\u00f9 che mai \u00e8 necessario scegliere i nostri prodotti magari a chilometri zero e non di marca ma, proprio per questo, autentici e genuini perch\u00e9 nostrani. Tornare ad essere una comunit\u00e0 nazionale non pu\u00f2 prescindere da tutto questo. <\/p>\n<p>&#8220;Invito tutti i savonesi a controllare il codice a barre presente sulle merci. Se la cifra iniziale \u00e8 80 il prodotto \u00e8 italiano. Colgo infine l\u00b4occasione per augurare a nome della Federazione Provinciale de La Destra di Savona un buon Natale ed un 2012 meno gravoso&#8221; conclude Andrea Finocchiaro, segretario provinciale Giovent\u00f9 Italiana Savona.<\/p>\n","protected":false},"excerpt":{"rendered":"<p>Savona. &#8220;Visto il periodo di grave crisi economica &#8211; dichiara il segretario provinciale dei giovani de La Destra- acquistare prodotti italiani \u00e8 un dovere morale. Il Made in Italy non \u00e8 una semplice scelta ma una responsabilit\u00e0 per ciascun italiano che contemporaneamente \u00e8 consumatore e produttore. Ora pi\u00f9 che mai \u00e8 necessario scegliere i nostri [&hellip;]<\/p>\n","protected":false},"author":13744,"featured_media":0,"comment_status":"open","ping_status":"closed","sticky":false,"template":"","format":"standard","meta":{"footnotes":""},"categories":[31],"tags":[37437,595,2971,1020,85850],"class_list":["post-208022","post","type-post","status-publish","format-standard","hentry","category-politica","tag-andrea-finocchiaro","tag-crisi","tag-gioventu-italiana","tag-la-destra","tag-savona","post_cat_citta-savona"],"amp_validity":null,"amp_enabled":true,"_links":{"self":[{"href":"https:\/\/staging.ivg.it\/ediapi\/wp\/v2\/posts\/208022","targetHints":{"allow":["GET"]}}],"collection":[{"href":"https:\/\/staging.ivg.it\/ediapi\/wp\/v2\/posts"}],"about":[{"href":"https:\/\/staging.ivg.it\/ediapi\/wp\/v2\/types\/post"}],"author":[{"embeddable":true,"href":"https:\/\/staging.ivg.it\/ediapi\/wp\/v2\/users\/13744"}],"replies":[{"embeddable":true,"href":"https:\/\/staging.ivg.it\/ediapi\/wp\/v2\/comments?post=208022"}],"version-history":[{"count":0,"href":"https:\/\/staging.ivg.it\/ediapi\/wp\/v2\/posts\/208022\/revisions"}],"wp:attachment":[{"href":"https:\/\/staging.ivg.it\/ediapi\/wp\/v2\/media?parent=208022"}],"wp:term":[{"taxonomy":"category","embeddable":true,"href":"https:\/\/staging.ivg.it\/ediapi\/wp\/v2\/categories?post=208022"},{"taxonomy":"post_tag","embeddable":true,"href":"https:\/\/staging.ivg.it\/ediapi\/wp\/v2\/tags?post=208022"}],"curies":[{"name":"wp","href":"https:\/\/api.w.org\/{rel}","templated":true}]}}