{"id":208013,"date":"2011-12-22T14:06:22","date_gmt":"2011-12-22T13:06:22","guid":{"rendered":"http:\/\/www.ivg.it\/?p=208013"},"modified":"2011-12-22T17:22:51","modified_gmt":"2011-12-22T16:22:51","slug":"angelo-sottanis-nuovo-presidente-di-auser-insieme-liguria-filo-dargento","status":"publish","type":"post","link":"https:\/\/staging.ivg.it\/2011\/12\/angelo-sottanis-nuovo-presidente-di-auser-insieme-liguria-filo-dargento\/","title":{"rendered":"Angelo Sottanis nuovo presidente di Auser Insieme Liguria &#8211; Filo d&#8217;Argento"},"content":{"rendered":"<p><strong>Regione<\/strong>. Angelo Sottanis \u00e8 il nuovo presidente di \u201cAuser Insieme Liguria e Volontariato alla Persona\u201d (Filo d&#8217;Argento). Lo ha deciso lo scorso 15 dicembre l\u2019assemblea generale di Auser Liguria riunitasi presso la sede della Camera del Lavoro di Genova.<\/p>\n<p>Auser \u00e8 una associazione di volontariato e di promozione sociale, impegnata nel favorire l&#8217;invecchiamento attivo degli anziani e a far crescere il ruolo dei senior nella societ\u00e0 ed ha sedi in tutta Italia.<\/p>\n<p>Angelo Sottanis, gi\u00e0 vicepresidente e responsabile dell&#8217;organizzazione di Auser Liguria, e con una ricca e vasta esperienza sindacale alle spalle, \u00e8 stato proposto e votato all&#8217;unanimit\u00e0 per ricoprire il ruolo di presidente di Auser Insieme Liguria e Volontariato alla Persona (Filo d&#8217;Argento).<\/p>\n<p>Claudio Regazzoni si congeda dopo aver dato un fondamentale contributo alla crescita dell&#8217;Associazione ligure, che negli ultimi 8 anni si \u00e8 aperta al territorio attraverso il sostegno alle persone fragili e attivit\u00e0 di promozione e protezione. Regazzoni proseguir\u00e0 il suo impegno in Auser in qualit\u00e0 di Vice-Presidente di Auser Nazionale.<\/p>\n<p>Come dichiarato da Angelo Sottanis: \u201cPer i prossimi anni, tra gli obiettivi di Auser Liguria &#8211; forte di un Gruppo Dirigente coeso e di una legge sull&#8217;invecchiamento attivo unica in Italia &#8211; vi saranno: un pi\u00f9 forte radicamento sul territorio, rafforzando le iniziative tese alla promozione di una nuova idea di vecchiaia; un diverso e innovativo funzionamento del Filo d&#8217;Argento che combini l&#8217;aspetto della protezione con quello della promozione e della formazione permanente, in sinergia con la nuova Associazione UniAuser\u201d.<\/p>\n","protected":false},"excerpt":{"rendered":"<p>Regione. Angelo Sottanis \u00e8 il nuovo presidente di \u201cAuser Insieme Liguria e Volontariato alla Persona\u201d (Filo d&#8217;Argento). Lo ha deciso lo scorso 15 dicembre l\u2019assemblea generale di Auser Liguria riunitasi presso la sede della Camera del Lavoro di Genova. Auser \u00e8 una associazione di volontariato e di promozione sociale, impegnata nel favorire l&#8217;invecchiamento attivo degli [&hellip;]<\/p>\n","protected":false},"author":13744,"featured_media":0,"comment_status":"open","ping_status":"closed","sticky":false,"template":"","format":"standard","meta":{"footnotes":""},"categories":[56],"tags":[4169],"class_list":["post-208013","post","type-post","status-publish","format-standard","hentry","category-altre","tag-auser","post_cat_citta-andora"],"amp_validity":null,"amp_enabled":true,"_links":{"self":[{"href":"https:\/\/staging.ivg.it\/ediapi\/wp\/v2\/posts\/208013","targetHints":{"allow":["GET"]}}],"collection":[{"href":"https:\/\/staging.ivg.it\/ediapi\/wp\/v2\/posts"}],"about":[{"href":"https:\/\/staging.ivg.it\/ediapi\/wp\/v2\/types\/post"}],"author":[{"embeddable":true,"href":"https:\/\/staging.ivg.it\/ediapi\/wp\/v2\/users\/13744"}],"replies":[{"embeddable":true,"href":"https:\/\/staging.ivg.it\/ediapi\/wp\/v2\/comments?post=208013"}],"version-history":[{"count":0,"href":"https:\/\/staging.ivg.it\/ediapi\/wp\/v2\/posts\/208013\/revisions"}],"wp:attachment":[{"href":"https:\/\/staging.ivg.it\/ediapi\/wp\/v2\/media?parent=208013"}],"wp:term":[{"taxonomy":"category","embeddable":true,"href":"https:\/\/staging.ivg.it\/ediapi\/wp\/v2\/categories?post=208013"},{"taxonomy":"post_tag","embeddable":true,"href":"https:\/\/staging.ivg.it\/ediapi\/wp\/v2\/tags?post=208013"}],"curies":[{"name":"wp","href":"https:\/\/api.w.org\/{rel}","templated":true}]}}