{"id":207976,"date":"2011-12-22T08:44:24","date_gmt":"2011-12-22T07:44:24","guid":{"rendered":"http:\/\/www.ivg.it\/?p=207976"},"modified":"2011-12-22T13:26:21","modified_gmt":"2011-12-22T12:26:21","slug":"ampliamento-tp-ravera-prc-scelta-sbagliata-e-grave-della-regione-schiaffo-alle-comunita-locali","status":"publish","type":"post","link":"https:\/\/staging.ivg.it\/2011\/12\/ampliamento-tp-ravera-prc-scelta-sbagliata-e-grave-della-regione-schiaffo-alle-comunita-locali\/","title":{"rendered":"Ampliamento TP, Ravera (Prc): &#8220;Scelta sbagliata e grave della Regione, schiaffo alle comunit\u00e0 locali&#8221;"},"content":{"rendered":"<p><strong>Savona<\/strong>. &#8220;Oltre quattro anni fa dichiarammo il nostro no sia all&#8217;ampliamento a carbone sia a qualunque monetarizzazione del rischio, ovvero la compensazione finanziaria dei danni ambientali e dei danni alla salute. Oggi, invece, la Regione ha confermato il si all&#8217;ampliamento e, grazie a questa autorizzazione, avr\u00e0 7,5 milioni di euro, mentre un milione andr\u00e0 ai comuni di Vado Ligure e Quiliano&#8221;. Cos\u00ec il Segretario provinciale Rifondazione Comunista Marco Ravera ha commentato il s\u00ec della Regione all&#8217;ampliamento della centrale di Tirreno Power a Vado.<\/p>\n<p>&#8220;Una scelta sbagliata &#8211; prosegue Ravera &#8211; che non fermer\u00e0 partiti, comitati, associazioni, singoli cittadini; quel fronte sempre pi\u00f9 ampio che da anni lotta contro il carbone. Quella della Giunta regionale \u00e8 una scelta grave che rappresenta uno schiaffo alle comunit\u00e0 locali, ai comuni interessati. Una scelta miope che legherebbe il territorio savonese ad altri 50 anni di carbone, un aspetto in netta e clamorosa controtendenza rispetto alle politiche energetiche attuate dalla stragrande maggioranza dei paesi europei e non solo&#8221;.<\/p>\n<p>&#8220;Una scelta dannosa perch\u00e9 continuerebbe ad incidere pesantemente in modo negativo sulla qualit\u00e0 della vita e sulla salute dei cittadini&#8221; conclude Ravera.<\/p>\n","protected":false},"excerpt":{"rendered":"<p>Savona. &#8220;Oltre quattro anni fa dichiarammo il nostro no sia all&#8217;ampliamento a carbone sia a qualunque monetarizzazione del rischio, ovvero la compensazione finanziaria dei danni ambientali e dei danni alla salute. Oggi, invece, la Regione ha confermato il si all&#8217;ampliamento e, grazie a questa autorizzazione, avr\u00e0 7,5 milioni di euro, mentre un milione andr\u00e0 ai [&hellip;]<\/p>\n","protected":false},"author":13744,"featured_media":0,"comment_status":"open","ping_status":"closed","sticky":false,"template":"","format":"standard","meta":{"footnotes":""},"categories":[31],"tags":[1735,1722,261],"class_list":["post-207976","post","type-post","status-publish","format-standard","hentry","category-politica","tag-prc","tag-ravera","tag-vado","post_cat_citta-savona","post_cat_citta-vado-ligure"],"amp_validity":null,"amp_enabled":true,"_links":{"self":[{"href":"https:\/\/staging.ivg.it\/ediapi\/wp\/v2\/posts\/207976","targetHints":{"allow":["GET"]}}],"collection":[{"href":"https:\/\/staging.ivg.it\/ediapi\/wp\/v2\/posts"}],"about":[{"href":"https:\/\/staging.ivg.it\/ediapi\/wp\/v2\/types\/post"}],"author":[{"embeddable":true,"href":"https:\/\/staging.ivg.it\/ediapi\/wp\/v2\/users\/13744"}],"replies":[{"embeddable":true,"href":"https:\/\/staging.ivg.it\/ediapi\/wp\/v2\/comments?post=207976"}],"version-history":[{"count":0,"href":"https:\/\/staging.ivg.it\/ediapi\/wp\/v2\/posts\/207976\/revisions"}],"wp:attachment":[{"href":"https:\/\/staging.ivg.it\/ediapi\/wp\/v2\/media?parent=207976"}],"wp:term":[{"taxonomy":"category","embeddable":true,"href":"https:\/\/staging.ivg.it\/ediapi\/wp\/v2\/categories?post=207976"},{"taxonomy":"post_tag","embeddable":true,"href":"https:\/\/staging.ivg.it\/ediapi\/wp\/v2\/tags?post=207976"}],"curies":[{"name":"wp","href":"https:\/\/api.w.org\/{rel}","templated":true}]}}