{"id":207975,"date":"2011-12-22T08:30:02","date_gmt":"2011-12-22T07:30:02","guid":{"rendered":"http:\/\/www.ivg.it\/?p=207975"},"modified":"2011-12-22T15:21:22","modified_gmt":"2011-12-22T14:21:22","slug":"vandalismo-allarchivio-della-felicita-bronda-episodio-grave-ma-non-ci-faremo-intimidire","status":"publish","type":"post","link":"https:\/\/staging.ivg.it\/2011\/12\/vandalismo-allarchivio-della-felicita-bronda-episodio-grave-ma-non-ci-faremo-intimidire\/","title":{"rendered":"Vandalismo all&#8217;Archivio della Felicit\u00e0, Bronda: &#8220;Episodio grave, ma  non ci faremo intimidire&#8221;"},"content":{"rendered":"<p><strong>Vendone<\/strong>. L&#8217;assessore di Vendone Andrea Bronda interviene a proposito dell&#8217;episodio del danneggiamento dell&#8217;Archivio della felicit\u00e0: &#8220;In riferimento al grave episodio di vandalismo, avvenuto lunedi notte a Vendone, all&#8217;Archivio della Felicit\u00e0, monumento simbolo dell&#8217;Identit\u00e0 della gente di Vendone, oltre ad essere simbolo di libert\u00e0 e tradizione, come rappresentante dell&#8217;Amministrazione Comunale di Vendone e come esponente Leghista, voglio ringraziare tutti i cittadini e i vari esponenti locali, per le dimostrazioni di solidariet\u00e0 e di condivisione&#8221;.<\/p>\n<p>&#8220;Solidariet\u00e0 che arriva verso un progetto che non vuole avere caratteri politici di nessun genere, ma vuole rafforzare la nostra identit\u00e0, ricordare a noi tutti da dove veniamo e dove viviamo, tramandando con l&#8217;esposizione delle piastrelle raffiguranti vari momenti di Vita vissuta dalle Famiglie di Vendone, i Valori di Libert\u00e0, Identit\u00e0 e Unit\u00e0, ai Nostri Giovani, in un momento in cui la Nostra Societ\u00e0 \u00e8 privata sempre pi\u00f9 da punti di riferimento Veri e Genuini&#8221; prosegue Bronda.<\/p>\n<p>&#8220;Per questo abbiamo fortemente Voluto inserire anche la Figura di Felice Cascione, &#8216;U megu&#8217;, simbolo di Uguaglianza, Giustizia e Libert\u00e0, al di sopra di ogni Ideologia Politica, cosi come \u00e8 stata la sua vita di sportivo, medico e partigiano, che ha legato inevitabilmente la storia sia di Vendone sia di Alto. Per questo come Amministrazione e come cittadini di Vendone, non ci faremo intimidire da chi vuole far naufragare un progetto come questo, perci\u00f2 continueremo a raccogliere e ad inserire le piastrelle a testimonianza dell&#8217;identit\u00e0 Vendonese&#8221; conclude Bronda.<\/p>\n","protected":false},"excerpt":{"rendered":"<p>Vendone. L&#8217;assessore di Vendone Andrea Bronda interviene a proposito dell&#8217;episodio del danneggiamento dell&#8217;Archivio della felicit\u00e0: &#8220;In riferimento al grave episodio di vandalismo, avvenuto lunedi notte a Vendone, all&#8217;Archivio della Felicit\u00e0, monumento simbolo dell&#8217;Identit\u00e0 della gente di Vendone, oltre ad essere simbolo di libert\u00e0 e tradizione, come rappresentante dell&#8217;Amministrazione Comunale di Vendone e come esponente Leghista, [&hellip;]<\/p>\n","protected":false},"author":13744,"featured_media":0,"comment_status":"open","ping_status":"closed","sticky":false,"template":"","format":"standard","meta":{"footnotes":""},"categories":[34,31],"tags":[85964],"class_list":["post-207975","post","type-post","status-publish","format-standard","hentry","category-cronaca","category-politica","tag-vendone","post_cat_citta-vendone"],"amp_validity":null,"amp_enabled":true,"_links":{"self":[{"href":"https:\/\/staging.ivg.it\/ediapi\/wp\/v2\/posts\/207975","targetHints":{"allow":["GET"]}}],"collection":[{"href":"https:\/\/staging.ivg.it\/ediapi\/wp\/v2\/posts"}],"about":[{"href":"https:\/\/staging.ivg.it\/ediapi\/wp\/v2\/types\/post"}],"author":[{"embeddable":true,"href":"https:\/\/staging.ivg.it\/ediapi\/wp\/v2\/users\/13744"}],"replies":[{"embeddable":true,"href":"https:\/\/staging.ivg.it\/ediapi\/wp\/v2\/comments?post=207975"}],"version-history":[{"count":0,"href":"https:\/\/staging.ivg.it\/ediapi\/wp\/v2\/posts\/207975\/revisions"}],"wp:attachment":[{"href":"https:\/\/staging.ivg.it\/ediapi\/wp\/v2\/media?parent=207975"}],"wp:term":[{"taxonomy":"category","embeddable":true,"href":"https:\/\/staging.ivg.it\/ediapi\/wp\/v2\/categories?post=207975"},{"taxonomy":"post_tag","embeddable":true,"href":"https:\/\/staging.ivg.it\/ediapi\/wp\/v2\/tags?post=207975"}],"curies":[{"name":"wp","href":"https:\/\/api.w.org\/{rel}","templated":true}]}}