{"id":207974,"date":"2011-12-22T08:15:20","date_gmt":"2011-12-22T07:15:20","guid":{"rendered":"http:\/\/www.ivg.it\/?p=207974"},"modified":"2011-12-22T16:17:21","modified_gmt":"2011-12-22T15:17:21","slug":"sanita-briano-duro-con-lasl-non-certifichero-con-il-silenzio-la-degenerazione-di-cairo-serve-piano-chiaro","status":"publish","type":"post","link":"https:\/\/staging.ivg.it\/2011\/12\/sanita-briano-duro-con-lasl-non-certifichero-con-il-silenzio-la-degenerazione-di-cairo-serve-piano-chiaro\/","title":{"rendered":"Sanit\u00e0, Briano duro con l&#8217;Asl: &#8220;Non certificher\u00f2 col silenzio la degenerazione di Cairo, serve piano chiaro&#8221;"},"content":{"rendered":"<p><strong>Cairo M.<\/strong> In segno di protesta ha scelto di non essere presente alla riunione di approvazione del bilancio di previsione dell&#8217;Asl 2 savonese. Ed ora il primo cittadino di Cairo Fulvio Briano spiega i perch\u00e9 della sua scelta e replica al direttore generale dell&#8217;Asl Flavio Neirotti. &#8220;In relazione alle dichiarazioni di Neirotti mi preme puntualizzare la mia posizione dopo aver deciso di disertare per protesta la riunione&#8221;.<\/p>\n<p>&#8220;La Direzione Asl continua a parlare del mantenimento dei quattro ospedali con Albenga e Cairo in &#8216;appoggio&#8217; a Savona e Pietra. Secondo il disegno Asl tali Ospedali si svilupperanno secondo una logica di &#8216;diversificazione&#8217; delle offerte ospedaliere e di eliminazione dei doppioni. In tale quadro Cairo &#8216;svilupper\u00e0 la sua vocazione della Day Surgery&#8217;. Tutto &#8216;accettabile&#8217; a parole ma nei fatti l&#8217;Ospedale di Cairo \u00e8 rimasto al palo&#8221; osserva il sindaco del comune Valbormidese.<\/p>\n<p>&#8220;Il tanto decantato &#8216;polo dell&#8217;eccellenza&#8217; della Day Syurgery si concretizza in soli otto posti letto e pochi chirurghi disposti a venire ad operare a Cairo &#8211; spiega Briano -. Una Day Surgery nei progetti attuali aperta h24 solo dal lunedi al mercoled\u00ec, con chiusura alle 20 al giovedi e al venerdi e chiusura totale nei fine settimana. La proposta dei Sindaci di pensare ad un progetto di week-surgery \u00e8 stata malamente respinta al mittente. In questo contesto emergono forti crticit\u00e0 sul supporto chirurgico al pronto soccorso, non si comprende cosa ne sar\u00e0 degli ambulatori e della radiologia e si affida al volontariato delle pubbliche assistenze i trasporti verso savona&#8221;.<\/p>\n<p>&#8220;Questo \u00e8 un quadro desolante e non ci sto a sentirmi dire che Cairo si diversifica dagli altri ospedali della Provincia dove ci sono altre day surgery ancora attive. E&#8217; venuta l&#8217;ora di fare chiarezza e di smetterla di dare notizie incomplete alla popolazione sulla sanit\u00e0 valbormidese.<\/p>\n<p>Mi auguro che il 29 dicembre l&#8217;Assessore Montaldo e la Direzione dell&#8217;Asl arrivino al tavolo con i Sindaci della Valbormida con un piano chiaro e risposte precise sull&#8217;Ospedale di Cairo in quanto, lo ribadisco, non ho assolutamente nessuna intenzione di certificare con il silenzio la degenerazione di un Ospedale che deve dare risposte certe alla sanit\u00e0 Valbormidese&#8221; conclude il sindaco di Cairo.<\/p>\n","protected":false},"excerpt":{"rendered":"<p>Cairo M. In segno di protesta ha scelto di non essere presente alla riunione di approvazione del bilancio di previsione dell&#8217;Asl 2 savonese. Ed ora il primo cittadino di Cairo Fulvio Briano spiega i perch\u00e9 della sua scelta e replica al direttore generale dell&#8217;Asl Flavio Neirotti. &#8220;In relazione alle dichiarazioni di Neirotti mi preme puntualizzare [&hellip;]<\/p>\n","protected":false},"author":13744,"featured_media":0,"comment_status":"open","ping_status":"closed","sticky":false,"template":"","format":"standard","meta":{"footnotes":""},"categories":[34,31],"tags":[3626,151,872,111],"class_list":["post-207974","post","type-post","status-publish","format-standard","hentry","category-cronaca","category-politica","tag-briano","tag-cairo","tag-ospedale","tag-sanita","post_cat_citta-cairo-montenotte"],"amp_validity":null,"amp_enabled":true,"_links":{"self":[{"href":"https:\/\/staging.ivg.it\/ediapi\/wp\/v2\/posts\/207974","targetHints":{"allow":["GET"]}}],"collection":[{"href":"https:\/\/staging.ivg.it\/ediapi\/wp\/v2\/posts"}],"about":[{"href":"https:\/\/staging.ivg.it\/ediapi\/wp\/v2\/types\/post"}],"author":[{"embeddable":true,"href":"https:\/\/staging.ivg.it\/ediapi\/wp\/v2\/users\/13744"}],"replies":[{"embeddable":true,"href":"https:\/\/staging.ivg.it\/ediapi\/wp\/v2\/comments?post=207974"}],"version-history":[{"count":0,"href":"https:\/\/staging.ivg.it\/ediapi\/wp\/v2\/posts\/207974\/revisions"}],"wp:attachment":[{"href":"https:\/\/staging.ivg.it\/ediapi\/wp\/v2\/media?parent=207974"}],"wp:term":[{"taxonomy":"category","embeddable":true,"href":"https:\/\/staging.ivg.it\/ediapi\/wp\/v2\/categories?post=207974"},{"taxonomy":"post_tag","embeddable":true,"href":"https:\/\/staging.ivg.it\/ediapi\/wp\/v2\/tags?post=207974"}],"curies":[{"name":"wp","href":"https:\/\/api.w.org\/{rel}","templated":true}]}}