{"id":207973,"date":"2011-12-22T08:00:57","date_gmt":"2011-12-22T07:00:57","guid":{"rendered":"http:\/\/www.ivg.it\/?p=207973"},"modified":"2011-12-22T13:23:14","modified_gmt":"2011-12-22T12:23:14","slug":"segno-da-stasera-si-accende-la-magia-del-presepe-vivente-di-100-anni-fa","status":"publish","type":"post","link":"https:\/\/staging.ivg.it\/2011\/12\/segno-da-stasera-si-accende-la-magia-del-presepe-vivente-di-100-anni-fa\/","title":{"rendered":"Segno, da stasera si accende la magia del presepe vivente di &#8220;100 anni fa&#8221;"},"content":{"rendered":"<p><strong>Vado L.<\/strong> &#8220;Segno, \u00f9 Bambin de cent&#8217;anni f\u00e0&#8221;. Da stasera e fino al 24 dicembre, a partire dalle ore 20 e fino alle ore 24, e nel pomeriggio del 26 dicembre, a partire dalle ore 16 e fino alle ore 21, la piccola frazione, cambia vesti e si trasforma in un antico borgo: si aprono le porte delle tradizionali \u201cbaracche\u201d, le costruzioni all\u2019interno delle quali vengono rappresentati i vari mestieri e le scene di vita quotidiana e si abbandona l\u2019illuminazione elettrica per prediligere lampade ad olio, fiaccole e bracieri, al fine di riproporre l\u2019atmosfera \u201cmagica\u201d di un tempo.<\/p>\n<p>Nella serata del 24 dicembre, al termine della manifestazione, alla mezzanotte, nella Chiesa parrocchiale di San Maurizio verr\u00e0 poi celebrata la Santa Messa di Natale. Quest&#8217;anno, grazie all&#8217;amministrazione Comunale di Vado Ligure, sar\u00e0 attivo un servizio gratuito di bus navetta con i seguenti orari: stasera partenza da Vado Ligure ore 20, 21, 22; ritorno da Segno: 20,30, 21,30, 23,30; domani: partenze 20, 21, 22, ritorno 20,30, 21,30, 23,30; sabato: partenza 20, 21, 22, 23 (la corsa delle<br \/>\nore 23,00 in partenza da Vado Ligure viene effettuata con due mezzi), ritorno da Segno: ore 20,30, 21,30, 22,30, 01 (la corsa delle ore 01 in partenza da Segno viene effettuata con due mezzi).<\/p>\n<p>Il bus navetta esegue capolinea in Piazza San Giovanni Battista e svolge le seguenti fermate: valle di Vado di fronte alla S.O.M.S. \u201cPace e Lavoro\u201d, localit\u00e0 S.Ermete sul ponte di via Pertinace, frazione Segno di fronte alle ex Scuole Elementari.<\/p>\n<p>\u201cLa manifestazione &#8211; spiegano gli organizzatori &#8211; \u00e8 resa possibile grazie al patrocinio del Comune di Vado Ligure e della Provincia di Savona; ai numerosi sponsor, locali e non, che ogni anno contribuiscono con i loro \u2018aiuti\u2019, ma soprattutto grazie alla creativit\u00e0, alla disponibilit\u00e0 e alla volont\u00e0 degli abitanti del paese di Segno che dedicano molte settimane alla creazione di uno scenario cos\u00ec suggestivo. Un particolare ringraziamento alla Societ\u00e0 Cattolica &#8216;Fede e Lavoro&#8217;, alla S.M.S. &#8216;Fratellanza Segnese&#8217;, al Comitato Locale di Vado Ligure della Croce Rossa Italiana e alla Protezione Civile per la preziosa collaborazione&#8221;.<\/p>\n","protected":false},"excerpt":{"rendered":"<p>Vado L. &#8220;Segno, \u00f9 Bambin de cent&#8217;anni f\u00e0&#8221;. Da stasera e fino al 24 dicembre, a partire dalle ore 20 e fino alle ore 24, e nel pomeriggio del 26 dicembre, a partire dalle ore 16 e fino alle ore 21, la piccola frazione, cambia vesti e si trasforma in un antico borgo: si aprono [&hellip;]<\/p>\n","protected":false},"author":13744,"featured_media":0,"comment_status":"open","ping_status":"closed","sticky":false,"template":"","format":"standard","meta":{"footnotes":""},"categories":[],"tags":[5294,86009],"class_list":["post-207973","post","type-post","status-publish","format-standard","hentry","tag-presepe-vivente","tag-segno","post_cat_citta-vado-ligure"],"amp_validity":null,"amp_enabled":true,"_links":{"self":[{"href":"https:\/\/staging.ivg.it\/ediapi\/wp\/v2\/posts\/207973","targetHints":{"allow":["GET"]}}],"collection":[{"href":"https:\/\/staging.ivg.it\/ediapi\/wp\/v2\/posts"}],"about":[{"href":"https:\/\/staging.ivg.it\/ediapi\/wp\/v2\/types\/post"}],"author":[{"embeddable":true,"href":"https:\/\/staging.ivg.it\/ediapi\/wp\/v2\/users\/13744"}],"replies":[{"embeddable":true,"href":"https:\/\/staging.ivg.it\/ediapi\/wp\/v2\/comments?post=207973"}],"version-history":[{"count":0,"href":"https:\/\/staging.ivg.it\/ediapi\/wp\/v2\/posts\/207973\/revisions"}],"wp:attachment":[{"href":"https:\/\/staging.ivg.it\/ediapi\/wp\/v2\/media?parent=207973"}],"wp:term":[{"taxonomy":"category","embeddable":true,"href":"https:\/\/staging.ivg.it\/ediapi\/wp\/v2\/categories?post=207973"},{"taxonomy":"post_tag","embeddable":true,"href":"https:\/\/staging.ivg.it\/ediapi\/wp\/v2\/tags?post=207973"}],"curies":[{"name":"wp","href":"https:\/\/api.w.org\/{rel}","templated":true}]}}