{"id":207594,"date":"2011-12-16T13:14:20","date_gmt":"2011-12-16T12:14:20","guid":{"rendered":"http:\/\/www.ivg.it\/?p=207594"},"modified":"2011-12-17T08:24:00","modified_gmt":"2011-12-17T07:24:00","slug":"uisv-fabio-atzori-su-protocollo-della-legalita-tirreno-power-ed-eolico-a-ferrania","status":"publish","type":"post","link":"https:\/\/staging.ivg.it\/2011\/12\/uisv-fabio-atzori-su-protocollo-della-legalita-tirreno-power-ed-eolico-a-ferrania\/","title":{"rendered":"Uisv: Fabio Atzori su Protocollo della Legalit\u00e0, Tirreno Power ed eolico a Ferrania"},"content":{"rendered":"<p><strong>Savona<\/strong>. &#8220;Questo protocollo rappresenta la volont\u00e0 delle industrie savonesi di lavorare in un ambiente pulito e senza interferenze, il tutto con l&#8217;aiuto delle istituzioni, che ci hanno fortemente creduto. E&#8217; stato un lavoro lungo e serio, ora diventato una buona base di partenza per garantire la trasparenza ed escludere, invece, chi nella leale competitivit\u00e0 non crede&#8221;.<\/p>\n<p>Cos\u00ec il presidente dell&#8217;Unione Industriali savonese, Fabio Atzori, alla firma del Protocollo della Legalit\u00e0 che si \u00e8 svolta questa mattina in Prefettura. L&#8217;intesa \u00e8 stata siglata dallo stesso Atzori e dal prefetto Claudio Sammartino, alla presenza dei responsabili delle forze dell\u2019ordine, della capitaneria di porto e dei vigili del fuoco. L\u2019accordo vuole incrementare e rafforzare l\u2019attivit\u00e0 di vigilanza e controllo contro le infiltrazioni della criminalit\u00e0 organizzata nel tessuto economico e produttivo e, tra l\u2019altro, potr\u00e0 contribuire ad elevare i livelli di sicurezza sui luoghi di lavoro.<\/p>\n<p>&#8220;Da parte delle aziende ci sar\u00e0 la trasmissione dei dati in automatico agli organi competenti e questo velocizzer\u00e0 ogni controllo e verifica&#8221; sottolinea Atzori. L\u2019iniziativa si inserisce nel quadro dell\u2019attivit\u00e0 di prevenzione territoriale per garantire i principi della libert\u00e0 di impresa e della concorrenza leale coordinata dalla Prefettura, secondo l&#8217;intesa tra Ministero dell&#8217;Interno e Confindustria.<\/p>\n<p>Marted\u00ec prossimo, 20 dicembre, \u00e8 prevista invece la firma dell&#8217;Intesa per il Lavoro che intende massimizzare le ricadute sull\u2019economia savonese e ligure dell\u2019intervento di ristrutturazione Tirreno Power sulla centrale di Vado Ligure. In Camera di Commercio saranno presenti, oltre all&#8217;ad di TP Giovanni Gosio, l&#8217;assessore regionale Renzo Guccinelli, il presidente provinciale Angelo Vaccarezza ed il presidente dell&#8217;ente camerale Luciano Pasquale.<\/p>\n<p>Sull&#8217;ampliamento di Tirreno Power &#8211; spiega Fabio Atzori &#8211; &#8220;la situazione economica attuale ci dice che abbiamo gi\u00e0 perso il tempo di quattro anni. Ora non possiamo pi\u00f9 permetterci di temporeggiare. Nel rispetto delle normative e del buon senso, bisogna andare avanti. In Italia le leggi sono cos\u00ec complicate che la stessa Cassazione fa fatica a dirimere le questioni. Si tratta di un impianto fondamentale che comporter\u00e0 un&#8217;importantissima riduzione delle emissioni. Non ci possiamo pi\u00f9 permettere di sprecare l&#8217;occasione per i vantaggi occupazionali che quest&#8217;opera prevede&#8221;.<\/p>\n<p>Altro fronte di investimento che potrebbe aprire spiragli per l&#8217;economia locale, e nella porzione geografica pi\u00f9 vulnerabile del Savonese, \u00e8 l&#8217;insediamento di un produttore di pale eoliche a Ferrania. &#8220;Spero che si concretizzi &#8211; osserva il presidente dell&#8217;Uisv &#8211; Significherebbe attivit\u00e0 importante per il nostro territorio e posti di lavoro che porterebbero qui l&#8217;economia verde. Ad oggi progetti concreti su questa prospettiva non ne ho ancora visti. Ma come Unione Industriali faremo il possibile per agevolare questo percorso. L&#8217;eolico da solo non baster\u00e0 per saturare la richiesta di lavoro della nostra provincia, tuttavia sarebbe una linea produttiva importante: bene per la collocazione logistica in una zona disponibile ad accogliere nuove iniziative compatibili con l&#8217;ambiente&#8221;.<\/p>\n","protected":false},"excerpt":{"rendered":"<p>Savona. &#8220;Questo protocollo rappresenta la volont\u00e0 delle industrie savonesi di lavorare in un ambiente pulito e senza interferenze, il tutto con l&#8217;aiuto delle istituzioni, che ci hanno fortemente creduto. E&#8217; stato un lavoro lungo e serio, ora diventato una buona base di partenza per garantire la trasparenza ed escludere, invece, chi nella leale competitivit\u00e0 non [&hellip;]<\/p>\n","protected":false},"author":13744,"featured_media":0,"comment_status":"open","ping_status":"closed","sticky":false,"template":"","format":"standard","meta":{"footnotes":""},"categories":[35],"tags":[151,597,7170,85992,85850,3931,127,86052,261],"class_list":["post-207594","post","type-post","status-publish","format-standard","hentry","category-economia","tag-cairo","tag-eolico","tag-fabio-atzori","tag-ferrania","tag-savona","tag-tirreno-power","tag-uisv","tag-unione-industriali","tag-vado","post_cat_citta-andora","post_cat_citta-cairo-montenotte","post_cat_citta-savona","post_cat_citta-vado-ligure"],"amp_validity":null,"amp_enabled":true,"_links":{"self":[{"href":"https:\/\/staging.ivg.it\/ediapi\/wp\/v2\/posts\/207594","targetHints":{"allow":["GET"]}}],"collection":[{"href":"https:\/\/staging.ivg.it\/ediapi\/wp\/v2\/posts"}],"about":[{"href":"https:\/\/staging.ivg.it\/ediapi\/wp\/v2\/types\/post"}],"author":[{"embeddable":true,"href":"https:\/\/staging.ivg.it\/ediapi\/wp\/v2\/users\/13744"}],"replies":[{"embeddable":true,"href":"https:\/\/staging.ivg.it\/ediapi\/wp\/v2\/comments?post=207594"}],"version-history":[{"count":0,"href":"https:\/\/staging.ivg.it\/ediapi\/wp\/v2\/posts\/207594\/revisions"}],"wp:attachment":[{"href":"https:\/\/staging.ivg.it\/ediapi\/wp\/v2\/media?parent=207594"}],"wp:term":[{"taxonomy":"category","embeddable":true,"href":"https:\/\/staging.ivg.it\/ediapi\/wp\/v2\/categories?post=207594"},{"taxonomy":"post_tag","embeddable":true,"href":"https:\/\/staging.ivg.it\/ediapi\/wp\/v2\/tags?post=207594"}],"curies":[{"name":"wp","href":"https:\/\/api.w.org\/{rel}","templated":true}]}}