{"id":207525,"date":"2011-12-15T13:38:06","date_gmt":"2011-12-15T12:38:06","guid":{"rendered":"http:\/\/www.ivg.it\/?p=207525"},"modified":"2011-12-15T16:51:12","modified_gmt":"2011-12-15T15:51:12","slug":"regione-il-taglio-degli-assessori-scuote-la-maggioranza-numeri-a-rischio","status":"publish","type":"post","link":"https:\/\/staging.ivg.it\/2011\/12\/regione-il-taglio-degli-assessori-scuote-la-maggioranza-numeri-a-rischio\/","title":{"rendered":"Regione, il taglio degli assessori scuote la maggioranza: numeri a rischio"},"content":{"rendered":"<p><strong>Regione<\/strong>. Gli equilibri di maggioranza scricchiolano in Regione: la prossima settimana sar\u00e0 cruciale in assemblea. Se la questione della cartolarizzazione degli immobili Asl era limitata ad un polemica procedurale, la partita sul taglio dei sei assessori esterni rischia di far pedere numeri in aula alla compagine di governo guidata da Burlando. <\/p>\n<p>E al centro c&#8217;\u00e8 il pi\u00f9 presidenziale degli eletti: il consigliere Armando Ezio Capurro (entrato appunto con la lista che porta il nome del governatore), risoluto a presentare l&#8217;emendamento al bilancio con cui chiede di tagliare gli stipendi della giunta e, cos\u00ec, risparmiare due milioni di euro. Ipotesi che per il presidente \u00e8 impraticabile e politicizzata.<\/p>\n<p>Da qualche giorno sembra che sia il legame con il partito di Di Pietro a traballare. Non \u00e8 piaciuta la decisione esternata da Maruska Piredda di appoggiare apertamente il colpo di spugna sugli assessorati (&#8220;non per un valzer di poltrone, ma per ridurre le spese&#8221;), tanto che Burlando ha ribattuto sottolineando di evitare le strumentalizzazioni (&#8220;si metta mano ad una riforma strutturale, partendo dallo statuto&#8221;). <\/p>\n<p>Il governatore non si sbilancia e sottolinea di non voler sfiduciare nessuno, nonostante il rincorrersi di voci su possibili siluramenti, a partire da Gabriele Cascino passando per Marylin Fusco, i quali a loro volto smentiscono seccamente di aver mai fatto cadere il rapporto di lealt\u00e0 nell&#8217;esecutivo. Diplomaticamente Burlando non commenta il rapporto attuale con l&#8217;Italia dei Valori, limitandosi a ricordare che l&#8217;importante \u00e8 remare tutti nella stessa direzione.<\/p>\n<p>Sta di fatto che martedi, mercoledi o giovedi, a seconda dell&#8217;iscrizione all&#8217;odg della proposta di Capurro e come questa sar\u00e0 inserita dall&#8217;ufficio di presidenza, gli equilibri si calibreranno sui numeri. Burlando \u00e8 irremovibile: nessun taglio degli assessori esterni e nessun rimpasto, sicuro che su questa linea incasser\u00e0 l&#8217;appoggio di Sel e Federazione della Sinistra. Allo stesso tempo non \u00e8 scontato che l&#8217;intero centrodestra avalli la linea di Capurro per affossare la giunta: anzi, qualcuno ipotizza una &#8220;stampella&#8221; al governo burlandiano con un gruppo autonomo formato da esponenti del Pdl.<\/p>\n<p>Altra spina nel fianco per la maggioranza \u00e8 Ezio Chiesa, uscito dal Pd per fondare il gruppo Liguria Viva, che sostiene di essere stato escluso dalla riunione di maggioranza convocata per sabato. &#8220;Per il Pd sono fuori dalla maggioranza &#8211; afferma Chiesa &#8211; questo significa che nel sostenere il presidente Burlando valuter\u00f2 di volta in volta l&#8217;atteggiamento da assumere&#8221;. Secondo Chiesa, infatti, la decisione di escluderlo dall&#8217;incontro prefigura l&#8217;intenzione del Pd di lasciare fuori Liguria Viva &#8220;da possibili alleanze in vista delle prossime elezioni amministrative&#8221;.<\/p>\n","protected":false},"excerpt":{"rendered":"<p>Regione. Gli equilibri di maggioranza scricchiolano in Regione: la prossima settimana sar\u00e0 cruciale in assemblea. Se la questione della cartolarizzazione degli immobili Asl era limitata ad un polemica procedurale, la partita sul taglio dei sei assessori esterni rischia di far pedere numeri in aula alla compagine di governo guidata da Burlando. E al centro c&#8217;\u00e8 [&hellip;]<\/p>\n","protected":false},"author":13744,"featured_media":0,"comment_status":"open","ping_status":"closed","sticky":false,"template":"","format":"standard","meta":{"footnotes":""},"categories":[31],"tags":[1360,284,2492,295,1466],"class_list":["post-207525","post","type-post","status-publish","format-standard","hentry","category-politica","tag-bilancio","tag-claudio-burlando","tag-idv","tag-regione","tag-tagli","post_cat_citta-andora"],"amp_validity":null,"amp_enabled":true,"_links":{"self":[{"href":"https:\/\/staging.ivg.it\/ediapi\/wp\/v2\/posts\/207525","targetHints":{"allow":["GET"]}}],"collection":[{"href":"https:\/\/staging.ivg.it\/ediapi\/wp\/v2\/posts"}],"about":[{"href":"https:\/\/staging.ivg.it\/ediapi\/wp\/v2\/types\/post"}],"author":[{"embeddable":true,"href":"https:\/\/staging.ivg.it\/ediapi\/wp\/v2\/users\/13744"}],"replies":[{"embeddable":true,"href":"https:\/\/staging.ivg.it\/ediapi\/wp\/v2\/comments?post=207525"}],"version-history":[{"count":0,"href":"https:\/\/staging.ivg.it\/ediapi\/wp\/v2\/posts\/207525\/revisions"}],"wp:attachment":[{"href":"https:\/\/staging.ivg.it\/ediapi\/wp\/v2\/media?parent=207525"}],"wp:term":[{"taxonomy":"category","embeddable":true,"href":"https:\/\/staging.ivg.it\/ediapi\/wp\/v2\/categories?post=207525"},{"taxonomy":"post_tag","embeddable":true,"href":"https:\/\/staging.ivg.it\/ediapi\/wp\/v2\/tags?post=207525"}],"curies":[{"name":"wp","href":"https:\/\/api.w.org\/{rel}","templated":true}]}}