{"id":207507,"date":"2011-12-15T10:46:15","date_gmt":"2011-12-15T09:46:15","guid":{"rendered":"http:\/\/www.ivg.it\/?p=207507"},"modified":"2011-12-15T10:46:15","modified_gmt":"2011-12-15T09:46:15","slug":"veloce-fbc-gli-allenatori-granata-a-lezione-dai-docenti-della-milan-academy","status":"publish","type":"post","link":"https:\/\/staging.ivg.it\/2011\/12\/veloce-fbc-gli-allenatori-granata-a-lezione-dai-docenti-della-milan-academy\/","title":{"rendered":"Veloce Fbc: gli allenatori granata a lezione dai docenti della Milan Academy"},"content":{"rendered":"<p><strong>Savona<\/strong>. Si fa sempre pi\u00f9 salda la collaborazione tra la scuola calcio F.B.C. Veloce 1910 di Savona e l&#8217;A.C. Milan.<\/p>\n<p>Nello scorso fine settimana si \u00e8 svolto, presso le strutture granata di via Tissoni e di Zinola, una &#8220;due giorni&#8221; di formazione per allenatori dal titolo: &#8220;Dal gesto alla realt\u00e0, dal gioco al giocatore: programma e obiettivi dalla categoria Piccoli Amici alla categoria Allievi&#8221;, diretto dagli allenatori formatori Gianfranco Parma e Stefano Baldini, docenti di Tecnica Attivit\u00e0 di Base di Milan Academy, la Scuola Calcio di formazione dell&#8217;A. C. Milan.<\/p>\n<p>Il corso, articolato in due giorni, ha visto gli allenatori di tutto il settore giovanile cimentarsi, con l&#8217;attiva collaborazione dei ragazzi della categoria 1998 a Zinola e i bambini del 2003 in via Tissoni, in esercitazioni tecniche sul campo e poi teoriche in aula.<\/p>\n<p>Con questo corso, \u00e8 stato posato un&#8217;altro importante mattoncino nel processo di miglioramento professionale della societ\u00e0 calcistica savonese, la quale ha deciso per il presente e per il futuro prossimo di puntare fortemente su di un settore giovanile di qualit\u00e0.<\/p>\n<p>&#8220;C&#8217;\u00e8 molta soddisfazione per il lavoro svolto fino ad oggi &#8211; dichiarano i dirigenti della Veloce -, perch\u00e9 i rapporti con l&#8217;A.C. Milan si fanno sempre pi\u00f9 fitti con le iniziative che si stanno portando avanti, rivolte sia agli allenatori, che ai giovani giocatori che ai loro genitori&#8221;.<\/p>\n","protected":false},"excerpt":{"rendered":"<p>Savona. Si fa sempre pi\u00f9 salda la collaborazione tra la scuola calcio F.B.C. Veloce 1910 di Savona e l&#8217;A.C. Milan. Nello scorso fine settimana si \u00e8 svolto, presso le strutture granata di via Tissoni e di Zinola, una &#8220;due giorni&#8221; di formazione per allenatori dal titolo: &#8220;Dal gesto alla realt\u00e0, dal gioco al giocatore: programma [&hellip;]<\/p>\n","protected":false},"author":13744,"featured_media":0,"comment_status":"open","ping_status":"closed","sticky":false,"template":"","format":"standard","meta":{"footnotes":""},"categories":[32],"tags":[85989,85850,681],"class_list":["post-207507","post","type-post","status-publish","format-standard","hentry","category-sport","tag-calcio","tag-savona","tag-veloce","post_cat_citta-savona"],"amp_validity":null,"amp_enabled":true,"_links":{"self":[{"href":"https:\/\/staging.ivg.it\/ediapi\/wp\/v2\/posts\/207507","targetHints":{"allow":["GET"]}}],"collection":[{"href":"https:\/\/staging.ivg.it\/ediapi\/wp\/v2\/posts"}],"about":[{"href":"https:\/\/staging.ivg.it\/ediapi\/wp\/v2\/types\/post"}],"author":[{"embeddable":true,"href":"https:\/\/staging.ivg.it\/ediapi\/wp\/v2\/users\/13744"}],"replies":[{"embeddable":true,"href":"https:\/\/staging.ivg.it\/ediapi\/wp\/v2\/comments?post=207507"}],"version-history":[{"count":0,"href":"https:\/\/staging.ivg.it\/ediapi\/wp\/v2\/posts\/207507\/revisions"}],"wp:attachment":[{"href":"https:\/\/staging.ivg.it\/ediapi\/wp\/v2\/media?parent=207507"}],"wp:term":[{"taxonomy":"category","embeddable":true,"href":"https:\/\/staging.ivg.it\/ediapi\/wp\/v2\/categories?post=207507"},{"taxonomy":"post_tag","embeddable":true,"href":"https:\/\/staging.ivg.it\/ediapi\/wp\/v2\/tags?post=207507"}],"curies":[{"name":"wp","href":"https:\/\/api.w.org\/{rel}","templated":true}]}}