{"id":207432,"date":"2011-12-14T13:18:15","date_gmt":"2011-12-14T12:18:15","guid":{"rendered":"http:\/\/www.ivg.it\/?p=207432"},"modified":"2011-12-16T10:14:24","modified_gmt":"2011-12-16T09:14:24","slug":"prefettura-ultimi-adempimenti-per-sammartino-convenzione-tirreno-power-e-patto-della-legalita","status":"publish","type":"post","link":"https:\/\/staging.ivg.it\/2011\/12\/prefettura-ultimi-adempimenti-per-sammartino-convenzione-tirreno-power-e-patto-della-legalita\/","title":{"rendered":"Prefettura, ultimi adempimenti per Sammartino: convenzione Tirreno Power e Patto della Legalit\u00e0"},"content":{"rendered":"<p><strong>Savona<\/strong>. E&#8217; ancora Claudio Sammartino, in questi giorni, alla guida della Prefettura di Savona, in attesa dell&#8217;insediamento di Gerardina Basilicata, appena nominata dal Ministero dell&#8217;Interno per l&#8217;avvicendamento. Sar\u00e0 quindi lo stesso prefetto Sammartino a sovrintendere agli ultimi adempimenti nel passaggio al nuovo anno. <\/p>\n<p>Per venerd\u00ec prossimo, 16 dicembre, \u00e8 prevista la sottoscrizione del Patto della Legalit\u00e0 che declina al locale il protocollo siglato tra Ministero e Confindustria sulla prevenzione delle infiltrazioni mafiose negli appalti e sul contrasto alla concorrenza sleale: l&#8217;ufficio territoriale del governo, sede della firma, dovrebbe essere rappresentato da Sammartino. <\/p>\n<p>Per marted\u00ec 20 dicembre, invece, \u00e8 fissata la firma della convenzione istituzionale con Tirreno Power per garantire la presenza delle imprese liguri e savonesi nell&#8217;opera di ristrutturazione della centrale termoelettrica, che prevede un investimento da 1.200 milioni di euro. La sigla del documento avverr\u00e0 nella sede della Camera di Commercio, a Palazzo Lamba Doria, alla presenza dei rappresentanti di Regione e Provincia. Alle ditte locali sar\u00e0 aperta una corsia preferenziale per ottenere le commesse, pur nella garanzia di criteri di qualit\u00e0 e competitivit\u00e0. Anche in questo caso il documento avr\u00e0 l&#8217;avallo della Prefettura. <\/p>\n<p>Molto pi\u00f9 laboriosa appare la strada per l&#8217;adesione delle pubbliche amministrazioni alla Stazione Unica Appaltante, che dovr\u00e0 scongiurare possibili condizionamenti delle organizzazioni criminali nei lavori. La pratica coordinata dalla Prefettura \u00e8 ancora in fase di discussione. Sono gi\u00e0 state valutate le &#8220;zone grigie&#8221; degli appalti in cui pi\u00f9 facilmente si potrebbero celare gli interessi malavitosi e, tra queste, gli appalti sotto-soglia comunitaria, i subappalti, le lavorazioni e forniture sensibili. <\/p>\n<p>In questo senso potrebbe essere funzionale l&#8217;esperienza maturata dal prefetto di nuova nomina Gerardina Basilicata, che conosce bene per esperienza diretta le piazze della criminalit\u00e0 organizzata del Sud: \u00e8 stata infatti alll&#8217;ufficio territoriale di Caserta, capo di gabinetto a Napoli e commissario prefettizio in alcuni Comuni di area calabra e campana, tanto da guadagnarsi l&#8217;appellativo di &#8220;Thatcher della Prefettura&#8221;. Alla conclusione definitiva del suo mandato, Claudio Sammartino prender\u00e0 servizio a Taranto. <\/p>\n","protected":false},"excerpt":{"rendered":"<p>Savona. E&#8217; ancora Claudio Sammartino, in questi giorni, alla guida della Prefettura di Savona, in attesa dell&#8217;insediamento di Gerardina Basilicata, appena nominata dal Ministero dell&#8217;Interno per l&#8217;avvicendamento. Sar\u00e0 quindi lo stesso prefetto Sammartino a sovrintendere agli ultimi adempimenti nel passaggio al nuovo anno. Per venerd\u00ec prossimo, 16 dicembre, \u00e8 prevista la sottoscrizione del Patto della [&hellip;]<\/p>\n","protected":false},"author":13744,"featured_media":0,"comment_status":"open","ping_status":"closed","sticky":false,"template":"","format":"standard","meta":{"footnotes":""},"categories":[35],"tags":[16224,37737,755,261],"class_list":["post-207432","post","type-post","status-publish","format-standard","hentry","category-economia","tag-claudio-sammartino","tag-gerardina-basilicata","tag-prefettura","tag-vado","post_cat_citta-vado-ligure"],"amp_validity":null,"amp_enabled":true,"_links":{"self":[{"href":"https:\/\/staging.ivg.it\/ediapi\/wp\/v2\/posts\/207432","targetHints":{"allow":["GET"]}}],"collection":[{"href":"https:\/\/staging.ivg.it\/ediapi\/wp\/v2\/posts"}],"about":[{"href":"https:\/\/staging.ivg.it\/ediapi\/wp\/v2\/types\/post"}],"author":[{"embeddable":true,"href":"https:\/\/staging.ivg.it\/ediapi\/wp\/v2\/users\/13744"}],"replies":[{"embeddable":true,"href":"https:\/\/staging.ivg.it\/ediapi\/wp\/v2\/comments?post=207432"}],"version-history":[{"count":0,"href":"https:\/\/staging.ivg.it\/ediapi\/wp\/v2\/posts\/207432\/revisions"}],"wp:attachment":[{"href":"https:\/\/staging.ivg.it\/ediapi\/wp\/v2\/media?parent=207432"}],"wp:term":[{"taxonomy":"category","embeddable":true,"href":"https:\/\/staging.ivg.it\/ediapi\/wp\/v2\/categories?post=207432"},{"taxonomy":"post_tag","embeddable":true,"href":"https:\/\/staging.ivg.it\/ediapi\/wp\/v2\/tags?post=207432"}],"curies":[{"name":"wp","href":"https:\/\/api.w.org\/{rel}","templated":true}]}}