{"id":207300,"date":"2011-12-12T15:52:25","date_gmt":"2011-12-12T14:52:25","guid":{"rendered":"http:\/\/www.ivg.it\/?p=207300"},"modified":"2011-12-13T10:58:39","modified_gmt":"2011-12-13T09:58:39","slug":"savona-calcio-domani-corda-e-cavaliere-dal-giudice-atzeni-subito-il-fallimento","status":"publish","type":"post","link":"https:\/\/staging.ivg.it\/2011\/12\/savona-calcio-domani-corda-e-cavaliere-dal-giudice-atzeni-subito-il-fallimento\/","title":{"rendered":"Savona Calcio, domani Corda e Cavaliere dal giudice Atzeni: &#8220;Subito il fallimento&#8221;"},"content":{"rendered":"<p><strong>Savona<\/strong>. La tattica ormai \u00e8 all&#8217;ordine del giorno pi\u00f9 fuori dal Bacigalupo che sul terreno di gioco: il presidente Fabrizio Oggianu da una parte e lo staff autogestito dall&#8217;altra continuano a disputare una partita diversa. Mentre il primo ha preso tempo per coltivare la trattativa con potenziali acquirenti torinesi, mister Corda e i suoi al timone tecnico dei biancobl\u00f9 hanno premuto ardentemente per il deposito dei libri contabili in tribunale. <\/p>\n<p>E ora che \u00e8 in ballo l&#8217;istanza di procedura concorsuale, Ninni Corda ed il team manager Salvatore Cavaliere andranno dal giudice Davide Atzeni per insistere affinch\u00e9 si arrivi rapidamente ad una dichiarazione di fallimento. Precisamente domani i due saranno al quarto piano del palazzo di giustizia e, evidentemente, chiederanno un intervento risolutivo per la nomina di un curatore che, analizzato lo stato debitorio, tuteli interessi di squadra e sopravvivenza societaria. <\/p>\n<p>Secondo Corda e Cavaliere si sta perdendo tempo e, cos\u00ec, la possibilit\u00e0 di un paracadute per il Savona Calcio. Se le voci sul gruppo torinese interessato all&#8217;acquisto aleggiavano intorno ad Oggianu, ora voci di un nuovo gruppo arrivano dai corridoi frequentati da tecnico e team manager. Ma questo nuovo gruppo sarebbe pronto a subentrare trattando con il liquidatore, sempre che i tempi non divengano biblici. <\/p>\n<p>Cavaliere parla a nome personale e della squadra: &#8220;La squadra e lo staff lavora in assoluta autogestione. Lo stand-by attuale \u00e8 deleterio. Il tempo \u00e8 scaduto, la squadra \u00e8 esasperata, vogliamo che l&#8217;iter fallimentare prenda il via, vogliamo sia nominato un curatore che faccia chiarezza: lo chiedo a tutti, alle istituzioni ed ai tifosi. Pensavamo che portando libri in tribunale in automatico prendesse il via l&#8217;istanza, e invece no. Noi tutti stiamo compiendo il nostro dovere, ci stiamo impegnando alla morte&#8230; Vogliamo andare avanti per i tifosi, ma anche dall&#8217;alto devono capire che coloro che si recano in tribunale in nome del Savona non c&#8217;entrano nulla n\u00e8 con la squadra n\u00e8 con lo staff&#8221;. <\/p>\n<p>&#8220;Tra qualche settimana i giocatori saranno cacciati dagli alloggi. Paghino le pendenze allora. Il tempo stringe, anzi \u00e8 scaduto. Noi col Cuneo daremo il massimo, ma per quella data il tutto dovr\u00e0 esser chiarito, e l&#8217;attuale situazione deve essere sbloccata. Chi si comporta in questo modo dovr\u00e0 risponderne davanti ai tifosi e a chi di dovere&#8221; conclude il team manager. <\/p>\n","protected":false},"excerpt":{"rendered":"<p>Savona. La tattica ormai \u00e8 all&#8217;ordine del giorno pi\u00f9 fuori dal Bacigalupo che sul terreno di gioco: il presidente Fabrizio Oggianu da una parte e lo staff autogestito dall&#8217;altra continuano a disputare una partita diversa. Mentre il primo ha preso tempo per coltivare la trattativa con potenziali acquirenti torinesi, mister Corda e i suoi al [&hellip;]<\/p>\n","protected":false},"author":13744,"featured_media":0,"comment_status":"open","ping_status":"closed","sticky":false,"template":"","format":"standard","meta":{"footnotes":""},"categories":[32],"tags":[6116,33932,85850,86042],"class_list":["post-207300","post","type-post","status-publish","format-standard","hentry","category-sport","tag-fallimento","tag-ninni-corda","tag-savona","tag-savona-calcio","post_cat_citta-savona"],"amp_validity":null,"amp_enabled":true,"_links":{"self":[{"href":"https:\/\/staging.ivg.it\/ediapi\/wp\/v2\/posts\/207300","targetHints":{"allow":["GET"]}}],"collection":[{"href":"https:\/\/staging.ivg.it\/ediapi\/wp\/v2\/posts"}],"about":[{"href":"https:\/\/staging.ivg.it\/ediapi\/wp\/v2\/types\/post"}],"author":[{"embeddable":true,"href":"https:\/\/staging.ivg.it\/ediapi\/wp\/v2\/users\/13744"}],"replies":[{"embeddable":true,"href":"https:\/\/staging.ivg.it\/ediapi\/wp\/v2\/comments?post=207300"}],"version-history":[{"count":0,"href":"https:\/\/staging.ivg.it\/ediapi\/wp\/v2\/posts\/207300\/revisions"}],"wp:attachment":[{"href":"https:\/\/staging.ivg.it\/ediapi\/wp\/v2\/media?parent=207300"}],"wp:term":[{"taxonomy":"category","embeddable":true,"href":"https:\/\/staging.ivg.it\/ediapi\/wp\/v2\/categories?post=207300"},{"taxonomy":"post_tag","embeddable":true,"href":"https:\/\/staging.ivg.it\/ediapi\/wp\/v2\/tags?post=207300"}],"curies":[{"name":"wp","href":"https:\/\/api.w.org\/{rel}","templated":true}]}}