{"id":207180,"date":"2011-12-09T19:05:06","date_gmt":"2011-12-09T18:05:06","guid":{"rendered":"http:\/\/www.ivg.it\/?p=207180"},"modified":"2011-12-09T19:05:06","modified_gmt":"2011-12-09T18:05:06","slug":"pietra-ligure-edoardo-ciribi-forma-il-gruppo-consiliare-prima-pietra","status":"publish","type":"post","link":"https:\/\/staging.ivg.it\/2011\/12\/pietra-ligure-edoardo-ciribi-forma-il-gruppo-consiliare-prima-pietra\/","title":{"rendered":"Pietra Ligure, Edoardo Cirib\u00ec forma il gruppo consiliare &#8220;prima, Pietra&#8221;"},"content":{"rendered":"<p><strong>Pietra Ligure<\/strong>. Si chiama &#8220;prima, Pietra&#8221; il gruppo consiliare di Edoardo Cirib\u00ec, che ha sciolto la riserva dopo le dimissioni da capogruppo del Pdl formalizzate nello scorso consiglio.<\/p>\n<p>Spiega Cirib\u00ec: &#8220;Prima, Pietra vuole essere un&#8217;associazione politico-culturale, libera e senza scopo di lucro, ispirata ai valori fondamentali della Costituzione della Repubblica Italiana ed ai principi di libert\u00e0, uguaglianza, solidariet\u00e0 e pace. L&#8217;associazione intende operare e farsi promotrice a livello amministrativo locale di qualsiasi lecita attivit\u00e0 ed iniziativa utilmente volta al miglioramento delle condizioni di vita dei cittadini ed allo sviluppo economico e sociale dell&#8217;intera collettivit\u00e0, con particolare attenzione ai giovani ed agli anziani&#8221;.<\/p>\n<p>&#8220;L&#8217;attivit\u00e0 sar\u00e0 svolta per spirito di servizio e potr\u00e0 cos\u00ec prescindere dalle manifestazioni di consenso elettorale e di interessata condivisione oggi purtroppo cos\u00ec necessari ai politici di lungo corso ed ai partiti che li ospitano tanto da condizionarli nelle loro scelte&#8221; conclude Cirib\u00ec.<\/p>\n","protected":false},"excerpt":{"rendered":"<p>Pietra Ligure. Si chiama &#8220;prima, Pietra&#8221; il gruppo consiliare di Edoardo Cirib\u00ec, che ha sciolto la riserva dopo le dimissioni da capogruppo del Pdl formalizzate nello scorso consiglio. Spiega Cirib\u00ec: &#8220;Prima, Pietra vuole essere un&#8217;associazione politico-culturale, libera e senza scopo di lucro, ispirata ai valori fondamentali della Costituzione della Repubblica Italiana ed ai principi di [&hellip;]<\/p>\n","protected":false},"author":13744,"featured_media":0,"comment_status":"open","ping_status":"closed","sticky":false,"template":"","format":"standard","meta":{"footnotes":""},"categories":[31],"tags":[2826,670],"class_list":["post-207180","post","type-post","status-publish","format-standard","hentry","category-politica","tag-edoardo-ciribi","tag-pietra","post_cat_citta-pietra-ligure"],"amp_validity":null,"amp_enabled":true,"_links":{"self":[{"href":"https:\/\/staging.ivg.it\/ediapi\/wp\/v2\/posts\/207180","targetHints":{"allow":["GET"]}}],"collection":[{"href":"https:\/\/staging.ivg.it\/ediapi\/wp\/v2\/posts"}],"about":[{"href":"https:\/\/staging.ivg.it\/ediapi\/wp\/v2\/types\/post"}],"author":[{"embeddable":true,"href":"https:\/\/staging.ivg.it\/ediapi\/wp\/v2\/users\/13744"}],"replies":[{"embeddable":true,"href":"https:\/\/staging.ivg.it\/ediapi\/wp\/v2\/comments?post=207180"}],"version-history":[{"count":0,"href":"https:\/\/staging.ivg.it\/ediapi\/wp\/v2\/posts\/207180\/revisions"}],"wp:attachment":[{"href":"https:\/\/staging.ivg.it\/ediapi\/wp\/v2\/media?parent=207180"}],"wp:term":[{"taxonomy":"category","embeddable":true,"href":"https:\/\/staging.ivg.it\/ediapi\/wp\/v2\/categories?post=207180"},{"taxonomy":"post_tag","embeddable":true,"href":"https:\/\/staging.ivg.it\/ediapi\/wp\/v2\/tags?post=207180"}],"curies":[{"name":"wp","href":"https:\/\/api.w.org\/{rel}","templated":true}]}}