{"id":207178,"date":"2011-12-09T18:25:41","date_gmt":"2011-12-09T17:25:41","guid":{"rendered":"http:\/\/www.ivg.it\/?p=207178"},"modified":"2011-12-09T18:25:41","modified_gmt":"2011-12-09T17:25:41","slug":"ferrovie-rassicurazioni-su-occupazione-nessuno-perdera-il-posto","status":"publish","type":"post","link":"https:\/\/staging.ivg.it\/2011\/12\/ferrovie-rassicurazioni-su-occupazione-nessuno-perdera-il-posto\/","title":{"rendered":"Ferrovie, rassicurazioni su occupazione: &#8220;Nessuno perder\u00e0 il posto&#8221;"},"content":{"rendered":"<p>&#8220;Contrariamente a quanto dichiarato da alcune organizzazioni sindacali, Ferrovie dello Stato Italiane sono profondamente sensibili e attente alle problematiche legate alla riorganizzazione dei treni notte e al cambio appalto dei relativi servizi di accompagnamento, e sono altres\u00ec consapevoli della delicata situazione e delle conseguenze, anche drammatiche, per i lavoratori ai quali va tutta la solidariet\u00e0 dell&#8217;azienda&#8221;. <\/p>\n<p>Lo affermano le Ferrovie dello Stato, aggiungendo che proprio &#8220;per questo, il Gruppo FS Italiane, come annunciato, \u00e8 gi\u00e0 impegnato a evitare che nessuno dei suoi 900 lavoratori interessati dalla riorganizzazione del servizio notturno perda il posto&#8221;. <\/p>\n<p>&#8220;A tale proposito &#8211; si legge in una nota &#8211; \u00e8 stato gi\u00e0 intrapreso un piano per il loro ricollocamento presso altri processi produttivi&#8221;. &#8220;Al contempo &#8211; proseguono le Fs &#8211; non essendovi rapporto di lavoro diretto con gli oltre 800 addetti delle ditte in appalto, n\u00e9 potendo costituirlo considerata la grande quantit\u00e0 di personale che lavora per FS attraverso societ\u00e0 esterne, il Gruppo \u00e8 impegnato, come pi\u00f9 volte pubblicamente dichiarato, affinch\u00e9 siano resi disponibili nella gestione di questa crisi gli strumenti e gli ammortizzatori sociali che per legge valgono per ogni azienda&#8221;. <\/p>\n","protected":false},"excerpt":{"rendered":"<p>&#8220;Contrariamente a quanto dichiarato da alcune organizzazioni sindacali, Ferrovie dello Stato Italiane sono profondamente sensibili e attente alle problematiche legate alla riorganizzazione dei treni notte e al cambio appalto dei relativi servizi di accompagnamento, e sono altres\u00ec consapevoli della delicata situazione e delle conseguenze, anche drammatiche, per i lavoratori ai quali va tutta la solidariet\u00e0 [&hellip;]<\/p>\n","protected":false},"author":13744,"featured_media":0,"comment_status":"open","ping_status":"closed","sticky":false,"template":"","format":"standard","meta":{"footnotes":""},"categories":[35],"tags":[636,497,635],"class_list":["post-207178","post","type-post","status-publish","format-standard","hentry","category-economia","tag-ferrovie","tag-treni","tag-treno","post_cat_citta-andora"],"amp_validity":null,"amp_enabled":true,"_links":{"self":[{"href":"https:\/\/staging.ivg.it\/ediapi\/wp\/v2\/posts\/207178","targetHints":{"allow":["GET"]}}],"collection":[{"href":"https:\/\/staging.ivg.it\/ediapi\/wp\/v2\/posts"}],"about":[{"href":"https:\/\/staging.ivg.it\/ediapi\/wp\/v2\/types\/post"}],"author":[{"embeddable":true,"href":"https:\/\/staging.ivg.it\/ediapi\/wp\/v2\/users\/13744"}],"replies":[{"embeddable":true,"href":"https:\/\/staging.ivg.it\/ediapi\/wp\/v2\/comments?post=207178"}],"version-history":[{"count":0,"href":"https:\/\/staging.ivg.it\/ediapi\/wp\/v2\/posts\/207178\/revisions"}],"wp:attachment":[{"href":"https:\/\/staging.ivg.it\/ediapi\/wp\/v2\/media?parent=207178"}],"wp:term":[{"taxonomy":"category","embeddable":true,"href":"https:\/\/staging.ivg.it\/ediapi\/wp\/v2\/categories?post=207178"},{"taxonomy":"post_tag","embeddable":true,"href":"https:\/\/staging.ivg.it\/ediapi\/wp\/v2\/tags?post=207178"}],"curies":[{"name":"wp","href":"https:\/\/api.w.org\/{rel}","templated":true}]}}