{"id":207108,"date":"2011-12-09T08:17:58","date_gmt":"2011-12-09T07:17:58","guid":{"rendered":"http:\/\/www.ivg.it\/?p=207108"},"modified":"2011-12-09T08:26:01","modified_gmt":"2011-12-09T07:26:01","slug":"stranezze-di-natale-al-museo-dellarte-vetraria-altarese","status":"publish","type":"post","link":"https:\/\/staging.ivg.it\/2011\/12\/stranezze-di-natale-al-museo-dellarte-vetraria-altarese\/","title":{"rendered":"&#8220;Stranezze&#8221; di Natale al Museo dell&#8217;Arte Vetraria altarese"},"content":{"rendered":"<p><strong>Altare.<\/strong> Inaugurazione sabato 10 dicembre alle ore 17 al Museo dell&#8217;Arte Vetraria altarese della tradizionale mostra natalizia di Altare &#8220;Natale Sottovetro&#8221; che, quest&#8217;anno, punta sulla fantasia. <\/p>\n<p>Tradizionalmente legata al vetro d&#8217;uso, la scuola vetraria di Altare ha concepito nei secoli una serie  incredibile di oggetti geniali, tanto indispensabili ed usuali nella vita di ogni giorno, quanto estrosi e  originalissimi nella realizzazione. L&#8217;acchiappamosche, il pirone da marinai, la lente d&#8217;ingrandimento ad acqua, il pappagallo da uomo (e da donna), i bicchieri tascabili, il gancio da macellaio e cento altre &#8220;pazzie&#8221;. Tutte rigorosamente in vetro.<\/p>\n<p>Sede di antichissima Universit\u00e0 Vetraria, Altare rivendica oggi il posto che le compete tra le poche realt\u00e0  internazionali in grado di dimostrare una radicata tradizione sociale, produttiva ed artistica nel campo delicatissimo ma affascinante dell&#8217;Arte del vetro. I tre piani del Museo del Vetro, inserito in una splendida villa liberty interamente restaurata, conducono il visitatore attraverso la vicenda di maestri straordinari, che ci hanno lasciato manufatti di pregio assoluto.  <\/p>\n<p>La mostra &#8220;Curiosit\u00e0, Fantasia d&#8217;Arte nel Vetro&#8221; spazia entro ed oltre i confini del piccolo borgo appenninico ligure, raccogliendo in una seducente raccolta preziosit\u00e0 rare provenienti anche da diverse collezioni private. Esigenze, tecniche e professionalit\u00e0 che si perdono nella notte dei tempi e che sono lo specchio delle usanze e delle necessit\u00e0 di un&#8217;intera popolazione. Inoltre, rientrano a pieno titolo nelle celebrazioni per i 150 anni dell\u2019Unit\u00e0 d\u2019Italia alcune bottiglie raffiguranti i personaggi pi\u00f9 significativi del Risorgimento.<\/p>\n","protected":false},"excerpt":{"rendered":"<p>Altare. Inaugurazione sabato 10 dicembre alle ore 17 al Museo dell&#8217;Arte Vetraria altarese della tradizionale mostra natalizia di Altare &#8220;Natale Sottovetro&#8221; che, quest&#8217;anno, punta sulla fantasia. Tradizionalmente legata al vetro d&#8217;uso, la scuola vetraria di Altare ha concepito nei secoli una serie incredibile di oggetti geniali, tanto indispensabili ed usuali nella vita di ogni giorno, [&hellip;]<\/p>\n","protected":false},"author":13744,"featured_media":0,"comment_status":"open","ping_status":"closed","sticky":false,"template":"","format":"standard","meta":{"footnotes":""},"categories":[],"tags":[85871,389,2807,2229],"class_list":["post-207108","post","type-post","status-publish","format-standard","hentry","tag-altare","tag-mostre-darte","tag-museo-dellarte-vetraria","tag-vetro","post_cat_citta-altare"],"amp_validity":null,"amp_enabled":true,"_links":{"self":[{"href":"https:\/\/staging.ivg.it\/ediapi\/wp\/v2\/posts\/207108","targetHints":{"allow":["GET"]}}],"collection":[{"href":"https:\/\/staging.ivg.it\/ediapi\/wp\/v2\/posts"}],"about":[{"href":"https:\/\/staging.ivg.it\/ediapi\/wp\/v2\/types\/post"}],"author":[{"embeddable":true,"href":"https:\/\/staging.ivg.it\/ediapi\/wp\/v2\/users\/13744"}],"replies":[{"embeddable":true,"href":"https:\/\/staging.ivg.it\/ediapi\/wp\/v2\/comments?post=207108"}],"version-history":[{"count":0,"href":"https:\/\/staging.ivg.it\/ediapi\/wp\/v2\/posts\/207108\/revisions"}],"wp:attachment":[{"href":"https:\/\/staging.ivg.it\/ediapi\/wp\/v2\/media?parent=207108"}],"wp:term":[{"taxonomy":"category","embeddable":true,"href":"https:\/\/staging.ivg.it\/ediapi\/wp\/v2\/categories?post=207108"},{"taxonomy":"post_tag","embeddable":true,"href":"https:\/\/staging.ivg.it\/ediapi\/wp\/v2\/tags?post=207108"}],"curies":[{"name":"wp","href":"https:\/\/api.w.org\/{rel}","templated":true}]}}