{"id":207105,"date":"2011-12-09T00:22:00","date_gmt":"2011-12-08T23:22:00","guid":{"rendered":"http:\/\/www.ivg.it\/?p=207105"},"modified":"2011-12-09T11:43:21","modified_gmt":"2011-12-09T10:43:21","slug":"supercoppa-europea-rizzo-ci-abbiamo-provato-ma-loro-sono-tredici-giocatori-fenomenali","status":"publish","type":"post","link":"https:\/\/staging.ivg.it\/2011\/12\/supercoppa-europea-rizzo-ci-abbiamo-provato-ma-loro-sono-tredici-giocatori-fenomenali\/","title":{"rendered":"Supercoppa europea, Rizzo: &#8220;Ci abbiamo provato ma loro sono tredici giocatori fenomenali&#8221;"},"content":{"rendered":"<p><strong>Savona<\/strong>. Al termine della partita di Supercoppa europea, terminata con il risultato di 11 a 6 in favore del Partizan Belgrado, l&#8217;ambiente savonese non nasconde una certa delusione che si affianca alla consapevolezza del valore degli avversari. La squadra ci ha provato, ma contro questi rivali c&#8217;era ben poco da fare: \u00e8 questo, in sintesi, il pensiero diffuso.<\/p>\n<p>&#8220;Ci abbiamo provato \u2013 spiega il vice capitano biancorosso Valerio Rizzo \u2013 ma questo \u00e8 un momento molto difficile per noi a livello fisico perch\u00e9 stiamo giocando continuamente. Questa sera abbiamo dato tutto, ora dobbiamo pensare prima al Bogliasco, che arriva sabato, e, quindi, al Panionios mercoled\u00ec prossimo&#8221;.<\/p>\n<p>&#8220;Sapevamo che era una partita difficilissa &#8211; prosegue Rizzo -. Anche se rispetto allo scorso anno hanno cambiato qualche giocatore, restano una grandissima squadra. Ci credevamo perch\u00e9 era una partita a s\u00e9, in casa nostra, davanti a tanta gente. Loro per\u00f2 sono tredici giocatori fenomenali e alla lunga li senti e quando arriva la stanchezza \u00e8 difficile rimanere attaccati&#8221;.<\/p>\n<p>&#8220;Abbiamo commesso troppi errori con l&#8217;uomo in pi\u00f9 nel primo tempo e abbiamo concesso qualcosa a uomini pari &#8211; riassume l&#8217;allenatore savonese Andrea Pisano -. Loro comunque sono veramente forti, una gran bella squadra&#8221;.<\/p>\n<p>Riguardo ai futuri obiettivi della squadra, Pisano afferma: &#8220;Da un lato mantenersi ad alto livello in campionato, poi c&#8217;\u00e8 il ritorno di Coppa Len. Il tutto facendo crescere i giovani&#8221;.<\/p>\n<p>Alla partita era presente anche il sindaco Federico Berruti che ha avuto l&#8217;onore di gettare in acqua il primo pallone. &#8220;Non vorrei aver compromesso il risultato con il lancio iniziale &#8211; scherza il primo cittadino -. Sapevamo che loro sono una squadra fortissima ma mi pare che il Savona non abbia sfigurato. La nostra squadra, seppur giovane, ha saputo resistere a lungo alla forza straordinaria del Partizan. La citt\u00e0 e tutto il mondo che ruota intorno alla Rari hanno risposto benissimo&#8221;.<\/p>\n","protected":false},"excerpt":{"rendered":"<p>Savona. Al termine della partita di Supercoppa europea, terminata con il risultato di 11 a 6 in favore del Partizan Belgrado, l&#8217;ambiente savonese non nasconde una certa delusione che si affianca alla consapevolezza del valore degli avversari. La squadra ci ha provato, ma contro questi rivali c&#8217;era ben poco da fare: \u00e8 questo, in sintesi, [&hellip;]<\/p>\n","protected":false},"author":13744,"featured_media":0,"comment_status":"open","ping_status":"closed","sticky":false,"template":"","format":"standard","meta":{"footnotes":""},"categories":[32],"tags":[11336,1062,166,85850,3971],"class_list":["post-207105","post","type-post","status-publish","format-standard","hentry","category-sport","tag-andrea-pisano","tag-federico-berruti","tag-pallanuoto","tag-savona","tag-valerio-rizzo","post_cat_citta-savona"],"amp_validity":null,"amp_enabled":true,"_links":{"self":[{"href":"https:\/\/staging.ivg.it\/ediapi\/wp\/v2\/posts\/207105","targetHints":{"allow":["GET"]}}],"collection":[{"href":"https:\/\/staging.ivg.it\/ediapi\/wp\/v2\/posts"}],"about":[{"href":"https:\/\/staging.ivg.it\/ediapi\/wp\/v2\/types\/post"}],"author":[{"embeddable":true,"href":"https:\/\/staging.ivg.it\/ediapi\/wp\/v2\/users\/13744"}],"replies":[{"embeddable":true,"href":"https:\/\/staging.ivg.it\/ediapi\/wp\/v2\/comments?post=207105"}],"version-history":[{"count":0,"href":"https:\/\/staging.ivg.it\/ediapi\/wp\/v2\/posts\/207105\/revisions"}],"wp:attachment":[{"href":"https:\/\/staging.ivg.it\/ediapi\/wp\/v2\/media?parent=207105"}],"wp:term":[{"taxonomy":"category","embeddable":true,"href":"https:\/\/staging.ivg.it\/ediapi\/wp\/v2\/categories?post=207105"},{"taxonomy":"post_tag","embeddable":true,"href":"https:\/\/staging.ivg.it\/ediapi\/wp\/v2\/tags?post=207105"}],"curies":[{"name":"wp","href":"https:\/\/api.w.org\/{rel}","templated":true}]}}