{"id":206823,"date":"2011-12-04T18:27:25","date_gmt":"2011-12-04T17:27:25","guid":{"rendered":"http:\/\/www.ivg.it\/?p=206823"},"modified":"2011-12-05T11:24:51","modified_gmt":"2011-12-05T10:24:51","slug":"il-governo-monti-apre-sul-patto-di-stabilita-floris-si-tratta-di-tecnici-sanno-bene-che-questo-strumento-ha-fallito","status":"publish","type":"post","link":"https:\/\/staging.ivg.it\/2011\/12\/il-governo-monti-apre-sul-patto-di-stabilita-floris-si-tratta-di-tecnici-sanno-bene-che-questo-strumento-ha-fallito\/","title":{"rendered":"Il governo Monti apre sul Patto di stabilit\u00e0, Floris: &#8220;Si tratta di tecnici: sanno bene che questo strumento ha fallito&#8221;"},"content":{"rendered":"<p><strong>Andora<\/strong>. La notizia arriva direttamente da Roma e per bocca del presidente dell&#8217;Anci, Graziano Delrio. &#8220;Per la prima volta &#8211; dice &#8211; abbiamo avuto dal governo un&#8217;apertura sul tema del Patto di stabilit\u00e0. C&#8217;\u00e9 disponibilit\u00e0 a ridiscuterne, insieme a provvedimenti per la crescita&#8221;.<\/p>\n<p>Uno spiraglio che non pu\u00f2 che trovare il consenso di chi, da tempo, chiede che i Comuni virtuosi possano finalmente investire e che alcuni capitoli di spesa rimangano fuori dai vincoli del tanto contestato Patto (tutto ci\u00f2 che rientra nel Sociale, ad esempio, o gli interventi sul territorio volti a prevenire eventi disastrosi come gli alluvioni che hanno devastato Genova e lo Spezzino).<\/p>\n<p>&#8220;Bisogna vedere cosa intende Monti quando parla di ridiscutere il Patto &#8211; dice Franco Floris, presidente della Commissione finanza locale dell\u2019Anci &#8211; Se \u00e8 quello che gi\u00e0 aveva annunciato all&#8217;incontro di Brindisi, ossia che bisogna permettere ai Comuni che ne hanno la possibilit\u00e0 di investire, non possaimo che esserne felici. Lo chiediamo da tempo&#8221;.<\/p>\n<p>&#8220;Questo \u00e8 un governo di tecnici che ben si rende conto che il Patto, cos\u00ec come concepito, ha fallito: va rivisto, su questo non c&#8217;\u00e8 ombra di dubbio. Ma fino a quando Monti non dir\u00e0 chiaramente come, non potremo esprimerci&#8221;, conclude Floris.<\/p>\n","protected":false},"excerpt":{"rendered":"<p>Andora. La notizia arriva direttamente da Roma e per bocca del presidente dell&#8217;Anci, Graziano Delrio. &#8220;Per la prima volta &#8211; dice &#8211; abbiamo avuto dal governo un&#8217;apertura sul tema del Patto di stabilit\u00e0. C&#8217;\u00e9 disponibilit\u00e0 a ridiscuterne, insieme a provvedimenti per la crescita&#8221;. Uno spiraglio che non pu\u00f2 che trovare il consenso di chi, da [&hellip;]<\/p>\n","protected":false},"author":2620,"featured_media":0,"comment_status":"open","ping_status":"closed","sticky":false,"template":"","format":"standard","meta":{"footnotes":""},"categories":[35],"tags":[1567,85847,326,324],"class_list":["post-206823","post","type-post","status-publish","format-standard","hentry","category-economia","tag-anci","tag-andora","tag-franco-floris","tag-patto-di-stabilita"],"amp_validity":null,"amp_enabled":true,"_links":{"self":[{"href":"https:\/\/staging.ivg.it\/ediapi\/wp\/v2\/posts\/206823","targetHints":{"allow":["GET"]}}],"collection":[{"href":"https:\/\/staging.ivg.it\/ediapi\/wp\/v2\/posts"}],"about":[{"href":"https:\/\/staging.ivg.it\/ediapi\/wp\/v2\/types\/post"}],"author":[{"embeddable":true,"href":"https:\/\/staging.ivg.it\/ediapi\/wp\/v2\/users\/2620"}],"replies":[{"embeddable":true,"href":"https:\/\/staging.ivg.it\/ediapi\/wp\/v2\/comments?post=206823"}],"version-history":[{"count":0,"href":"https:\/\/staging.ivg.it\/ediapi\/wp\/v2\/posts\/206823\/revisions"}],"wp:attachment":[{"href":"https:\/\/staging.ivg.it\/ediapi\/wp\/v2\/media?parent=206823"}],"wp:term":[{"taxonomy":"category","embeddable":true,"href":"https:\/\/staging.ivg.it\/ediapi\/wp\/v2\/categories?post=206823"},{"taxonomy":"post_tag","embeddable":true,"href":"https:\/\/staging.ivg.it\/ediapi\/wp\/v2\/tags?post=206823"}],"curies":[{"name":"wp","href":"https:\/\/api.w.org\/{rel}","templated":true}]}}