{"id":206745,"date":"2011-12-03T07:54:44","date_gmt":"2011-12-03T06:54:44","guid":{"rendered":"http:\/\/www.ivg.it\/?p=206745"},"modified":"2011-12-03T17:47:23","modified_gmt":"2011-12-03T16:47:23","slug":"spotorno-ampliamento-scuola-primaria-di-monticello-interpellanza-di-franco-bonasera","status":"publish","type":"post","link":"https:\/\/staging.ivg.it\/2011\/12\/spotorno-ampliamento-scuola-primaria-di-monticello-interpellanza-di-franco-bonasera\/","title":{"rendered":"Spotorno, ampliamento scuola primaria di Monticello: interpellanza di Franco Bonasera"},"content":{"rendered":"<p><strong>Spotorno.<\/strong> Interrogazione consiliare rivolta al sindaco di Spotorno e all&#8217;assessore all&#8217;urbanistica da parte del capo gruppo di minoranza Franco Bonasera con al centro il progetto di ampliamento della scuola primaria in localit\u00e0 Monticello.<\/p>\n<p>&#8220;Quanda si parla della gestione del territorio del Comune di Spotorno, subito vengono alla mente le incompiute quali la talassoterapia, la nuova sede comunale, i garage di via Laiolo. Purtroppo c&#8217;\u00e8 un&#8217;altra incompiuta o meglio un&#8217;opera mai nata che ha inciso economicamente sulle casse comunali: l&#8217;ampliamento della scuola primaria al Parco Monticello &#8211; afferma Bonasera -. Purtroppo quest&#8217;opera concordata con il soggetto attuattore dell&#8217;insediamento sulla collina dovrebbe essere realizzata a scomputo degli oneri di urbanizzazione. E&#8217; datata 2008 la convenzione che doveva dare il via all&#8217;ampliamento delle scuole in localit\u00e0 Monticello&#8221;. <\/p>\n<p>&#8220;Il 2011 \u00e8 terminato ma delle scuole nessuna traccia. Poich\u00e8 il soggetto attuattore \u00e8 lo stesso che doveva realizzare il Centro di Talassoterapia, siamo preoccupati che un ulteriore danno colpisca la nostra citt\u00e0&#8221; conclude Bonasera. <\/p>\n<p>I 100.000 euro quale rimborso una-tantum, l&#8217;atto notarile per la modifica della convenzione deliberata dal Consiglio Comunale in data 23.12.2010; il mancato inizio dei lavori di costruzione dell&#8217;edificio; opere di urbanizzazione convenzionate con il soggetto attuatore; i fondi per completare il seminterrato dell&#8217;edificio da destinarsi a locale mensa; le azioni da intraprende in caso il soggetto attuattore non realizzasse l&#8217;opera convenzionata. Questi i contenuti dell&#8217;interpellanza.<\/p>\n","protected":false},"excerpt":{"rendered":"<p>Spotorno. Interrogazione consiliare rivolta al sindaco di Spotorno e all&#8217;assessore all&#8217;urbanistica da parte del capo gruppo di minoranza Franco Bonasera con al centro il progetto di ampliamento della scuola primaria in localit\u00e0 Monticello. &#8220;Quanda si parla della gestione del territorio del Comune di Spotorno, subito vengono alla mente le incompiute quali la talassoterapia, la nuova [&hellip;]<\/p>\n","protected":false},"author":13744,"featured_media":0,"comment_status":"open","ping_status":"closed","sticky":false,"template":"","format":"standard","meta":{"footnotes":""},"categories":[],"tags":[31847,10263,85863],"class_list":["post-206745","post","type-post","status-publish","format-standard","hentry","tag-franco-bonasera","tag-scuola-primaria","tag-spotorno","post_cat_citta-spotorno"],"amp_validity":null,"amp_enabled":true,"_links":{"self":[{"href":"https:\/\/staging.ivg.it\/ediapi\/wp\/v2\/posts\/206745","targetHints":{"allow":["GET"]}}],"collection":[{"href":"https:\/\/staging.ivg.it\/ediapi\/wp\/v2\/posts"}],"about":[{"href":"https:\/\/staging.ivg.it\/ediapi\/wp\/v2\/types\/post"}],"author":[{"embeddable":true,"href":"https:\/\/staging.ivg.it\/ediapi\/wp\/v2\/users\/13744"}],"replies":[{"embeddable":true,"href":"https:\/\/staging.ivg.it\/ediapi\/wp\/v2\/comments?post=206745"}],"version-history":[{"count":0,"href":"https:\/\/staging.ivg.it\/ediapi\/wp\/v2\/posts\/206745\/revisions"}],"wp:attachment":[{"href":"https:\/\/staging.ivg.it\/ediapi\/wp\/v2\/media?parent=206745"}],"wp:term":[{"taxonomy":"category","embeddable":true,"href":"https:\/\/staging.ivg.it\/ediapi\/wp\/v2\/categories?post=206745"},{"taxonomy":"post_tag","embeddable":true,"href":"https:\/\/staging.ivg.it\/ediapi\/wp\/v2\/tags?post=206745"}],"curies":[{"name":"wp","href":"https:\/\/api.w.org\/{rel}","templated":true}]}}