{"id":206385,"date":"2011-11-28T12:19:53","date_gmt":"2011-11-28T11:19:53","guid":{"rendered":"http:\/\/www.ivg.it\/?p=206385"},"modified":"2011-11-28T12:19:53","modified_gmt":"2011-11-28T11:19:53","slug":"albisola-novena-e-festa-patronale-di-san-nicolo-con-il-vescovo-lupi","status":"publish","type":"post","link":"https:\/\/staging.ivg.it\/2011\/11\/albisola-novena-e-festa-patronale-di-san-nicolo-con-il-vescovo-lupi\/","title":{"rendered":"Albisola, novena e festa patronale di san Nicol\u00f2 con il vescovo Lupi"},"content":{"rendered":"<p><strong>Albisola S.<\/strong> La parrocchia di san Nicol\u00f2 di Albisola Superiore si prepara a festeggiare il proprio Patrono con una novena predicata dal curato Padre Giovanni Nicoli. La novena si svolger\u00e0 sabato 3 e domenica 4 Dicembre alle 18 durante la Messa.<\/p>\n<p>Invece da oggi a venerd\u00ec e luned\u00ec 5 dicembre alle ore 20,30 ci sar\u00e0 il canto dei Vespri e la meditazione. Sar\u00e0 quindi il vescovo Vittorio Lupi a presiedere marted\u00ec 6 dicembre, festa liturgica di san Nicol\u00f2, la Messa solenne delle 18 animata dal coro parrocchiale. Le altre celebrazioni sono previste alle 8 e alle 11, mentre alle 16 si svolger\u00e0 il canto dei Vespri con la Benedizione Eucaristica. Domenica 11 dicembre, alle 15, canto dei Vespri, al quale seguir\u00e0 la processione con l&#8217;artistica statua di San Nicol\u00f2 opera del Maragliano (1708) e a cui parteciperanno, oltre a quella \u201cospitante\u201d di Albisola Superiore, numerose altre confraternite della diocesi con le proprie insegne e crocefissi. Al termine della processione, animata dalla banda musicale &#8220;Sant&#8217;Ambrogio&#8221; di Legino, la Benedizione Eucaristica.<\/p>\n","protected":false},"excerpt":{"rendered":"<p>Albisola S. La parrocchia di san Nicol\u00f2 di Albisola Superiore si prepara a festeggiare il proprio Patrono con una novena predicata dal curato Padre Giovanni Nicoli. La novena si svolger\u00e0 sabato 3 e domenica 4 Dicembre alle 18 durante la Messa. Invece da oggi a venerd\u00ec e luned\u00ec 5 dicembre alle ore 20,30 ci sar\u00e0 [&hellip;]<\/p>\n","protected":false},"author":13744,"featured_media":0,"comment_status":"open","ping_status":"closed","sticky":false,"template":"","format":"standard","meta":{"footnotes":""},"categories":[],"tags":[432,4595],"class_list":["post-206385","post","type-post","status-publish","format-standard","hentry","tag-albisola","tag-san-nicolo","post_cat_citta-albisola-superiore"],"amp_validity":null,"amp_enabled":true,"_links":{"self":[{"href":"https:\/\/staging.ivg.it\/ediapi\/wp\/v2\/posts\/206385","targetHints":{"allow":["GET"]}}],"collection":[{"href":"https:\/\/staging.ivg.it\/ediapi\/wp\/v2\/posts"}],"about":[{"href":"https:\/\/staging.ivg.it\/ediapi\/wp\/v2\/types\/post"}],"author":[{"embeddable":true,"href":"https:\/\/staging.ivg.it\/ediapi\/wp\/v2\/users\/13744"}],"replies":[{"embeddable":true,"href":"https:\/\/staging.ivg.it\/ediapi\/wp\/v2\/comments?post=206385"}],"version-history":[{"count":0,"href":"https:\/\/staging.ivg.it\/ediapi\/wp\/v2\/posts\/206385\/revisions"}],"wp:attachment":[{"href":"https:\/\/staging.ivg.it\/ediapi\/wp\/v2\/media?parent=206385"}],"wp:term":[{"taxonomy":"category","embeddable":true,"href":"https:\/\/staging.ivg.it\/ediapi\/wp\/v2\/categories?post=206385"},{"taxonomy":"post_tag","embeddable":true,"href":"https:\/\/staging.ivg.it\/ediapi\/wp\/v2\/tags?post=206385"}],"curies":[{"name":"wp","href":"https:\/\/api.w.org\/{rel}","templated":true}]}}