{"id":206364,"date":"2011-11-28T09:36:53","date_gmt":"2011-11-28T08:36:53","guid":{"rendered":"http:\/\/www.ivg.it\/?p=206364"},"modified":"2011-11-28T10:43:12","modified_gmt":"2011-11-28T09:43:12","slug":"ex-metalmetron-il-nuovo-centro-commerciale-si-arreda-arrivano-maisons-du-monde-e-co-import","status":"publish","type":"post","link":"https:\/\/staging.ivg.it\/2011\/11\/ex-metalmetron-il-nuovo-centro-commerciale-si-arreda-arrivano-maisons-du-monde-e-co-import\/","title":{"rendered":"Ex Metalmetron, il nuovo centro commerciale si &#8220;arreda&#8221;: arriva &#8220;Maisons du Monde&#8221;"},"content":{"rendered":"<p><strong>Savona.<\/strong> Non solo la grande distribuzione alimentare, rappresentata da Conad, ma anche realt\u00e0 e marchi del tutto assenti dalla &#8220;piazza&#8221; ligure: gli spazi del complesso commerciale che sta sorgendo presso il cantiere della ex Metalmetron a Savona saranno destinati anche ad attivit\u00e0 che fanno parte di grandi catene note in tutto il mondo.<\/p>\n<p>Fino a poco tempo fa si parlava dell&#8217;onnipresente Ikea, ma \u00e8 un&#8217;ipotesi che pare essere sfumata. Al suo posto, nel settore dell&#8217;arredamento, arriver\u00e0 invece la francese &#8220;Maisons du Monde&#8221; (fino ad oggi i punti vendita pi\u00f9 vicini sono a Nizza o, in direzione opposta, presso l&#8217;outlet di Serravalle). La catena transalpina si pu\u00f2 paragonare a &#8220;Co.Import &#8211; Idee dal mondo&#8221;, un marchio gi\u00e0 presente nell&#8217;altro centro commerciale savonese, &#8220;Il Gabbiano&#8221;, e con il quale probabilmente scatter\u00e0 una gara per conquistare la clientela.<\/p>\n<p>Poi ci saranno: Brico Center, catena di negozi dedicati agli amanti del bricolage e dei piccoli lavoretti, il primo megastore ligure Pittarello dedicato a calzature e accessori, Euronics (alla prima apertura nella provincia savonese). Resta difficile la partita per la zona artigianale, con costi elevanti e con la prossima apertura dell\u2019adiacente Parco Doria che ha intercettato la domanda di spazi artigianali con un prezzo notevolmente inferiore. Ancora vacante la gestione dell\u2019albergo da cento camere presente nella nuova cittadella commerciale. Ad oggi non \u00e8 stata chiusa ancora nessuna trattativa.<\/p>\n<p>Intanto oggi il sindaco savonese Federico Berruti sar\u00e0 qui per un sopralluogo nello spazio che dovr\u00e0 essere ultimato entro la fone di marzo. Il primo cittadino savonese sar\u00e0 accompagnato dai vertici della societ\u00e0 New.Co. I lavori procedono spediti, tanto all\u2019interno quanto per il numeroso pacchetto di opere complementari per rendere accessibile e funzionale il nuovo centro, con la rivoluzione viaria per via Stalingrado e la variante di accesso a Parco Doria, destinata al traffico pesante.<\/p>\n","protected":false},"excerpt":{"rendered":"<p>Savona. Non solo la grande distribuzione alimentare, rappresentata da Conad, ma anche realt\u00e0 e marchi del tutto assenti dalla &#8220;piazza&#8221; ligure: gli spazi del complesso commerciale che sta sorgendo presso il cantiere della ex Metalmetron a Savona saranno destinati anche ad attivit\u00e0 che fanno parte di grandi catene note in tutto il mondo. Fino a [&hellip;]<\/p>\n","protected":false},"author":13744,"featured_media":0,"comment_status":"open","ping_status":"closed","sticky":false,"template":"","format":"standard","meta":{"footnotes":""},"categories":[35],"tags":[3442,1062,4499,1650,85850],"class_list":["post-206364","post","type-post","status-publish","format-standard","hentry","category-economia","tag-centro-commerciale","tag-federico-berruti","tag-ikea","tag-metalmetron","tag-savona","post_cat_citta-savona"],"amp_validity":null,"amp_enabled":true,"_links":{"self":[{"href":"https:\/\/staging.ivg.it\/ediapi\/wp\/v2\/posts\/206364","targetHints":{"allow":["GET"]}}],"collection":[{"href":"https:\/\/staging.ivg.it\/ediapi\/wp\/v2\/posts"}],"about":[{"href":"https:\/\/staging.ivg.it\/ediapi\/wp\/v2\/types\/post"}],"author":[{"embeddable":true,"href":"https:\/\/staging.ivg.it\/ediapi\/wp\/v2\/users\/13744"}],"replies":[{"embeddable":true,"href":"https:\/\/staging.ivg.it\/ediapi\/wp\/v2\/comments?post=206364"}],"version-history":[{"count":0,"href":"https:\/\/staging.ivg.it\/ediapi\/wp\/v2\/posts\/206364\/revisions"}],"wp:attachment":[{"href":"https:\/\/staging.ivg.it\/ediapi\/wp\/v2\/media?parent=206364"}],"wp:term":[{"taxonomy":"category","embeddable":true,"href":"https:\/\/staging.ivg.it\/ediapi\/wp\/v2\/categories?post=206364"},{"taxonomy":"post_tag","embeddable":true,"href":"https:\/\/staging.ivg.it\/ediapi\/wp\/v2\/tags?post=206364"}],"curies":[{"name":"wp","href":"https:\/\/api.w.org\/{rel}","templated":true}]}}