{"id":206063,"date":"2011-11-23T11:31:50","date_gmt":"2011-11-23T10:31:50","guid":{"rendered":"http:\/\/www.ivg.it\/?p=206063"},"modified":"2011-11-23T11:31:50","modified_gmt":"2011-11-23T10:31:50","slug":"virus-influenzale-isolato-a-genova-per-gli-esperti-il-picco-si-avra-a-gennaio","status":"publish","type":"post","link":"https:\/\/staging.ivg.it\/2011\/11\/virus-influenzale-isolato-a-genova-per-gli-esperti-il-picco-si-avra-a-gennaio\/","title":{"rendered":"Virus influenzale, isolato a Genova: per gli esperti il picco si avr\u00e0 a gennaio"},"content":{"rendered":"<p>Il virus dell&#8217;influenza, gi\u00e0 isolato in diversi Paesi europei, \u00e8 arrivato anche in Italia. Lo hanno isolato lo scorso venerd\u00ec gli esperti dell&#8217;universit\u00e0 di Genova. &#8220;Si tratta del ceppo AH3N2, il cosiddetto &#8216;Perth-like&#8217; &#8211; conferma Giancarlo Icardi, ordinario della Facolt\u00e0 di Medicina &#8211; \u00e8 un virus largamente atteso, che fa parte di quelli inseriti nel vaccino. Lo abbiamo isolato in un uomo di 46 anni&#8221;.<\/p>\n<p>L&#8217;isolamento del virus influenzale a Genova \u00e8 un &#8220;caso da manuale&#8221; sia per i tempi che per il ceppo isolato. Lo sottolinea Gianni Rezza, epidemiologo dell&#8217;Iss, secondo cui il caso evidenzia l&#8217;importanza del vaccino. &#8220;L&#8217;isolamento in questo periodo \u00e8 perfettamente normale, e anche il ceppo \u00e8 tra quelli attesi &#8211; spiega Rezza &#8211; questo implica che la proporzione tra sindromi influenzali e parainfluenzali in questo periodo si sta spostando a favore delle prime&#8221;.<\/p>\n<p>Secondo l&#8217;esperto si \u00e8 ancora in tempo per vaccinarsi, e anzi proprio l&#8217;evento genovese dovrebbe spingere ancora di pi\u00f9 soprattutto le categorie a rischio: &#8220;Dato che il picco dell&#8217;influenza \u00e8 di solito a gennaio, vaccinarsi adesso eviterebbe la maggior parte dei casi &#8211; spiega Rezza &#8211; il paziente genovese su cui \u00e8 stato isolato faceva parte delle categorie a rischio, essendo immunodepresso, e se si fosse vaccinato non avrebbe avuto la complicazione di una polmonite&#8221;.<\/p>\n","protected":false},"excerpt":{"rendered":"<p>Il virus dell&#8217;influenza, gi\u00e0 isolato in diversi Paesi europei, \u00e8 arrivato anche in Italia. Lo hanno isolato lo scorso venerd\u00ec gli esperti dell&#8217;universit\u00e0 di Genova. &#8220;Si tratta del ceppo AH3N2, il cosiddetto &#8216;Perth-like&#8217; &#8211; conferma Giancarlo Icardi, ordinario della Facolt\u00e0 di Medicina &#8211; \u00e8 un virus largamente atteso, che fa parte di quelli inseriti nel [&hellip;]<\/p>\n","protected":false},"author":13744,"featured_media":0,"comment_status":"open","ping_status":"closed","sticky":false,"template":"","format":"standard","meta":{"footnotes":""},"categories":[],"tags":[30016,2776,6212],"class_list":["post-206063","post","type-post","status-publish","format-standard","hentry","tag-febbre","tag-influenza","tag-vaccino","post_cat_citta-andora"],"amp_validity":null,"amp_enabled":true,"_links":{"self":[{"href":"https:\/\/staging.ivg.it\/ediapi\/wp\/v2\/posts\/206063","targetHints":{"allow":["GET"]}}],"collection":[{"href":"https:\/\/staging.ivg.it\/ediapi\/wp\/v2\/posts"}],"about":[{"href":"https:\/\/staging.ivg.it\/ediapi\/wp\/v2\/types\/post"}],"author":[{"embeddable":true,"href":"https:\/\/staging.ivg.it\/ediapi\/wp\/v2\/users\/13744"}],"replies":[{"embeddable":true,"href":"https:\/\/staging.ivg.it\/ediapi\/wp\/v2\/comments?post=206063"}],"version-history":[{"count":0,"href":"https:\/\/staging.ivg.it\/ediapi\/wp\/v2\/posts\/206063\/revisions"}],"wp:attachment":[{"href":"https:\/\/staging.ivg.it\/ediapi\/wp\/v2\/media?parent=206063"}],"wp:term":[{"taxonomy":"category","embeddable":true,"href":"https:\/\/staging.ivg.it\/ediapi\/wp\/v2\/categories?post=206063"},{"taxonomy":"post_tag","embeddable":true,"href":"https:\/\/staging.ivg.it\/ediapi\/wp\/v2\/tags?post=206063"}],"curies":[{"name":"wp","href":"https:\/\/api.w.org\/{rel}","templated":true}]}}