{"id":205823,"date":"2011-11-19T08:43:53","date_gmt":"2011-11-19T07:43:53","guid":{"rendered":"http:\/\/www.ivg.it\/?p=205823"},"modified":"2011-11-19T08:43:53","modified_gmt":"2011-11-19T07:43:53","slug":"finale-ricorrenza-virgo-fidelis-messa-in-ricordo-di-daniele-ghione-e-dei-militari-scomparsi","status":"publish","type":"post","link":"https:\/\/staging.ivg.it\/2011\/11\/finale-ricorrenza-virgo-fidelis-messa-in-ricordo-di-daniele-ghione-e-dei-militari-scomparsi\/","title":{"rendered":"Finale, ricorrenza &#8220;Virgo Fidelis&#8221;: messa in ricordo di Daniele Ghione e dei militari scomparsi"},"content":{"rendered":"<p><strong>Finale L.<\/strong> In occasione della ricorrenza della &#8220;Virgo Fidelis&#8221; Patrona dell\u2018Arma dei Carabinieri, il 26 novembre, nella Basilica di San Giovanni Battista in Finalmarina sar\u00e0 celebrata una messa in ricordo di Daniele Ghione e a suffraggio di tutti i Soci e Carabinieri in servizio ed in congedo che non ci sono pi\u00f9. La cerimonia, organizzata dall&#8217;Associazione Nazionale Carabinieri sezione di Finale, inizier\u00e0 alle ore 18 e sar\u00e0 seguita da un piccolo rinfresco presso la sala della Domus Joannes XXIII (in Salita del Grillo 2).<\/p>\n","protected":false},"excerpt":{"rendered":"<p>Finale L. In occasione della ricorrenza della &#8220;Virgo Fidelis&#8221; Patrona dell\u2018Arma dei Carabinieri, il 26 novembre, nella Basilica di San Giovanni Battista in Finalmarina sar\u00e0 celebrata una messa in ricordo di Daniele Ghione e a suffraggio di tutti i Soci e Carabinieri in servizio ed in congedo che non ci sono pi\u00f9. La cerimonia, organizzata [&hellip;]<\/p>\n","protected":false},"author":13744,"featured_media":0,"comment_status":"open","ping_status":"closed","sticky":false,"template":"","format":"standard","meta":{"footnotes":""},"categories":[56],"tags":[3715,209,1658],"class_list":["post-205823","post","type-post","status-publish","format-standard","hentry","category-altre","tag-daniele-ghione","tag-finale","tag-messa","post_cat_citta-finale-ligure"],"amp_validity":null,"amp_enabled":true,"_links":{"self":[{"href":"https:\/\/staging.ivg.it\/ediapi\/wp\/v2\/posts\/205823","targetHints":{"allow":["GET"]}}],"collection":[{"href":"https:\/\/staging.ivg.it\/ediapi\/wp\/v2\/posts"}],"about":[{"href":"https:\/\/staging.ivg.it\/ediapi\/wp\/v2\/types\/post"}],"author":[{"embeddable":true,"href":"https:\/\/staging.ivg.it\/ediapi\/wp\/v2\/users\/13744"}],"replies":[{"embeddable":true,"href":"https:\/\/staging.ivg.it\/ediapi\/wp\/v2\/comments?post=205823"}],"version-history":[{"count":0,"href":"https:\/\/staging.ivg.it\/ediapi\/wp\/v2\/posts\/205823\/revisions"}],"wp:attachment":[{"href":"https:\/\/staging.ivg.it\/ediapi\/wp\/v2\/media?parent=205823"}],"wp:term":[{"taxonomy":"category","embeddable":true,"href":"https:\/\/staging.ivg.it\/ediapi\/wp\/v2\/categories?post=205823"},{"taxonomy":"post_tag","embeddable":true,"href":"https:\/\/staging.ivg.it\/ediapi\/wp\/v2\/tags?post=205823"}],"curies":[{"name":"wp","href":"https:\/\/api.w.org\/{rel}","templated":true}]}}