{"id":205788,"date":"2011-11-18T16:59:12","date_gmt":"2011-11-18T15:59:12","guid":{"rendered":"http:\/\/www.ivg.it\/?p=205788"},"modified":"2011-11-19T09:27:49","modified_gmt":"2011-11-19T08:27:49","slug":"provincia-livio-bracco-pronto-ad-uscire-dal-pdl-ed-entrare-nel-gruppo-misto","status":"publish","type":"post","link":"https:\/\/staging.ivg.it\/2011\/11\/provincia-livio-bracco-pronto-ad-uscire-dal-pdl-ed-entrare-nel-gruppo-misto\/","title":{"rendered":"Provincia, Livio Bracco pronto ad uscire dal Pdl ed entrare nel gruppo misto"},"content":{"rendered":"<p><strong>Savona<\/strong>. L&#8217;esclusione dal novero degli assessori provinciali non \u00e8 andata gi\u00f9 a Livio Bracco, sostituito dal segretario leghista Paolo Ripamonti. A qualche giorno dal rimpasto operato da Vaccarezza a Palazzo Nervi, l&#8217;insofferenza per l&#8217;ombrello partitico del Pdl si \u00e8 manifestata pi\u00f9 intensamente per Bracco, del quale \u00e8 noto un avvicinamento all&#8217;Udc. Dialoghi, infatti, stanno intercorrendo tra l&#8217;ex assessore, Roberto Pizzorno e Rosavio Bellasio che aprono le braccia all&#8217;accoglienza nel progetto centrista.<\/p>\n<p>Uomo da sempre di bandiera per il Pdl, con una buona dote di voti personali, Bracco \u00e8 rimasto a bocca asciutta dopo due anni nella giunta di Vaccarezza e deleghe a cultura, sport, caccia e pesca. Con un&#8217;esperienza decennale all&#8217;opposizione in Provincia, avrebbe volentieri chiuso il mandato come titolare dell&#8217;assessorato. Le promesse di un incarico pi\u00f9 politico (come la segreteria provinciale) che amministrativo non basterebbero per\u00f2 per arginare la fuoriuscita di Bracco. <\/p>\n<p>L&#8217;ex assessore pidiellino potrebbe compiere i primi passi concreti nel corso del prossimo Consiglio comunale di Savona, lasciando il gruppo consiliare del Pdl per approdare al gruppo misto.<\/p>\n<p>&#8220;E&#8217; da un po&#8217; che cerco di mettermi in contatto con Livio Bracco, che \u00e8 persona con il quale ho sempre condiviso un ottimo rapporto &#8211; commenta il neo assessore Santiago Vacca, coordinatore provinciale del Popolo della Libert\u00e0 &#8211; Lui \u00e8 adatto al partito ed il partito \u00e8 adatto a lui: sarebbe incomprensibile una sua uscita. In politica si fanno passi avanti e passi indietro. Gli \u00e8 stato chiesto un passo indietro, ma non \u00e8 sensato &#8216;chiudere l&#8217;impresa quando si ha un credito aperto&#8217;. Le posizioni e gli equilibri si discuteranno a congresso e sono certo che il centrodestra vedrebbe bene Bracco in un ruolo dirigenziale nel partito&#8221;.<\/p>\n","protected":false},"excerpt":{"rendered":"<p>Savona. L&#8217;esclusione dal novero degli assessori provinciali non \u00e8 andata gi\u00f9 a Livio Bracco, sostituito dal segretario leghista Paolo Ripamonti. A qualche giorno dal rimpasto operato da Vaccarezza a Palazzo Nervi, l&#8217;insofferenza per l&#8217;ombrello partitico del Pdl si \u00e8 manifestata pi\u00f9 intensamente per Bracco, del quale \u00e8 noto un avvicinamento all&#8217;Udc. Dialoghi, infatti, stanno intercorrendo [&hellip;]<\/p>\n","protected":false},"author":13744,"featured_media":0,"comment_status":"open","ping_status":"closed","sticky":false,"template":"","format":"standard","meta":{"footnotes":""},"categories":[31],"tags":[11765,216,375,85850],"class_list":["post-205788","post","type-post","status-publish","format-standard","hentry","category-politica","tag-livio-bracco","tag-pdl","tag-provincia","tag-savona","post_cat_citta-savona"],"amp_validity":null,"amp_enabled":true,"_links":{"self":[{"href":"https:\/\/staging.ivg.it\/ediapi\/wp\/v2\/posts\/205788","targetHints":{"allow":["GET"]}}],"collection":[{"href":"https:\/\/staging.ivg.it\/ediapi\/wp\/v2\/posts"}],"about":[{"href":"https:\/\/staging.ivg.it\/ediapi\/wp\/v2\/types\/post"}],"author":[{"embeddable":true,"href":"https:\/\/staging.ivg.it\/ediapi\/wp\/v2\/users\/13744"}],"replies":[{"embeddable":true,"href":"https:\/\/staging.ivg.it\/ediapi\/wp\/v2\/comments?post=205788"}],"version-history":[{"count":0,"href":"https:\/\/staging.ivg.it\/ediapi\/wp\/v2\/posts\/205788\/revisions"}],"wp:attachment":[{"href":"https:\/\/staging.ivg.it\/ediapi\/wp\/v2\/media?parent=205788"}],"wp:term":[{"taxonomy":"category","embeddable":true,"href":"https:\/\/staging.ivg.it\/ediapi\/wp\/v2\/categories?post=205788"},{"taxonomy":"post_tag","embeddable":true,"href":"https:\/\/staging.ivg.it\/ediapi\/wp\/v2\/tags?post=205788"}],"curies":[{"name":"wp","href":"https:\/\/api.w.org\/{rel}","templated":true}]}}