{"id":205646,"date":"2011-11-16T18:53:13","date_gmt":"2011-11-16T17:53:13","guid":{"rendered":"http:\/\/www.ivg.it\/?p=205646"},"modified":"2011-11-17T12:14:53","modified_gmt":"2011-11-17T11:14:53","slug":"governo-monti-vaccarezza-plaude-al-ministero-della-cooperazione-e-culturalmente-rivoluzionario","status":"publish","type":"post","link":"https:\/\/staging.ivg.it\/2011\/11\/governo-monti-vaccarezza-plaude-al-ministero-della-cooperazione-e-culturalmente-rivoluzionario\/","title":{"rendered":"Governo Monti, Vaccarezza plaude al Ministero della Cooperazione: &#8220;E&#8217; culturalmente rivoluzionario&#8221;"},"content":{"rendered":"<p><strong>Savona<\/strong>. &#8220;Un dato importante e confortante emerge da questo nuovo esecutivo: la presenza del ministero all&#8217;integrazione e alla cooperazione&#8221;. Con questa osservazione il presidente provinciale Angelo Vaccarezza saluta l&#8217;insediamento del governo Monti. Dei 17 ministeri configurati dal premier incaricato, 12 sono senza portafoglio. Tra questi quello all&#8217;integrazione e cooperazione, appunto, retto da Andrea Riccardi, docente di storia contemporanea e fondatore della Comunit\u00e0 di Sant&#8217;Egidio.<\/p>\n<p>&#8220;Mi sembra un atto giusto e significativo istituire un dicastero alla cooperazione, delega che anche io nella mia funzione ho voluto tenere per seguirla con attenzione &#8211; aggiunge Vaccarezza &#8211; In particolare sono contento per il ruolo di Riccardi, non a caso il mio Comune, Loano, \u00e8 uno dei pochi ad aver aderito alla campagna della Comunit\u00e0 di Sant&#8217;Egidio contro la pena di morte, diventando &#8216;Comune per la vita&#8217;. Questo ministero mi auguro possa diventare culturalmente rivoluzionario. Mi colpisce positivamente anche la nomina di Anna Maria Cancellieri all&#8217;Interno, avendo conosciuto l&#8217;ex prefetto di Genova, la sua competenza e seriet\u00e0&#8221;.<\/p>\n<p>&#8220;Riserve invece su Corrado Passera&#8221; dice il governatore provinciale, riferendosi l&#8217;amministratore delegato di Intesa adesso titolare di Sviluppo Economico, Infrastrutture e Trasporti. &#8220;In questo caso non dico che sia una nomina incompatibile, ma quantomeno inopportuna. Sta di fatto che se questo non fosse un governo tecnico, ma politico, la sinistra avrebbe fatto il diavolo a quattro per &#8216;smascherare&#8217; conflitti di interesse. In ogni caso mi auguro che il governo Monti traghetti il Paese in questa fase difficile e sono uno di coloro che credono debba arrivare sino alla fine del mandato&#8221;.<\/p>\n<p>&#8220;Tra i provvedimenti che mi auguro prender\u00e0 in considerazione questa compagine tecnica di governo &#8211; conclude &#8211; \u00e8 la riformulazione del patto di stabilit\u00e0, ponendo alcune deroghe perch\u00e9 gli enti possano utilizzare i denari vincolati dal patto per la prevenzione idrogeologica, la difesa del suolo e le opere a tutela della incolumit\u00e0 pubblica&#8221;.<\/p>\n","protected":false},"excerpt":{"rendered":"<p>Savona. &#8220;Un dato importante e confortante emerge da questo nuovo esecutivo: la presenza del ministero all&#8217;integrazione e alla cooperazione&#8221;. Con questa osservazione il presidente provinciale Angelo Vaccarezza saluta l&#8217;insediamento del governo Monti. Dei 17 ministeri configurati dal premier incaricato, 12 sono senza portafoglio. Tra questi quello all&#8217;integrazione e cooperazione, appunto, retto da Andrea Riccardi, docente [&hellip;]<\/p>\n","protected":false},"author":13744,"featured_media":0,"comment_status":"open","ping_status":"closed","sticky":false,"template":"","format":"standard","meta":{"footnotes":""},"categories":[31],"tags":[2317,784,37177,375],"class_list":["post-205646","post","type-post","status-publish","format-standard","hentry","category-politica","tag-angelo-vaccarezza","tag-governo","tag-mario-monti","tag-provincia","post_cat_citta-andora","post_cat_citta-loano"],"amp_validity":null,"amp_enabled":true,"_links":{"self":[{"href":"https:\/\/staging.ivg.it\/ediapi\/wp\/v2\/posts\/205646","targetHints":{"allow":["GET"]}}],"collection":[{"href":"https:\/\/staging.ivg.it\/ediapi\/wp\/v2\/posts"}],"about":[{"href":"https:\/\/staging.ivg.it\/ediapi\/wp\/v2\/types\/post"}],"author":[{"embeddable":true,"href":"https:\/\/staging.ivg.it\/ediapi\/wp\/v2\/users\/13744"}],"replies":[{"embeddable":true,"href":"https:\/\/staging.ivg.it\/ediapi\/wp\/v2\/comments?post=205646"}],"version-history":[{"count":0,"href":"https:\/\/staging.ivg.it\/ediapi\/wp\/v2\/posts\/205646\/revisions"}],"wp:attachment":[{"href":"https:\/\/staging.ivg.it\/ediapi\/wp\/v2\/media?parent=205646"}],"wp:term":[{"taxonomy":"category","embeddable":true,"href":"https:\/\/staging.ivg.it\/ediapi\/wp\/v2\/categories?post=205646"},{"taxonomy":"post_tag","embeddable":true,"href":"https:\/\/staging.ivg.it\/ediapi\/wp\/v2\/tags?post=205646"}],"curies":[{"name":"wp","href":"https:\/\/api.w.org\/{rel}","templated":true}]}}