{"id":205640,"date":"2011-11-16T18:00:22","date_gmt":"2011-11-16T17:00:22","guid":{"rendered":"http:\/\/www.ivg.it\/?p=205640"},"modified":"2011-11-17T10:03:07","modified_gmt":"2011-11-17T09:03:07","slug":"tagli-allospedale-di-cairo-sindaci-e-comitato-valbormida-ripetono-no","status":"publish","type":"post","link":"https:\/\/staging.ivg.it\/2011\/11\/tagli-allospedale-di-cairo-sindaci-e-comitato-valbormida-ripetono-no\/","title":{"rendered":"Tagli all&#8217;ospedale di Cairo, sindaci e Comitato Valbormida ripetono &#8220;no&#8221;"},"content":{"rendered":"<p><strong>Cairo Montenotte.<\/strong> I sindaci puntano i piedi e sono spalleggiati dai comitati cittadini, preoccupati per i tagli severi sull&#8217;ospedale di Cairo. Con proteste davanti a Palazzo Sisto, dove si sta svolgendo la conferenza dei sindaci sulla &#8220;cura dimagrante&#8221; dell&#8217;Asl, e cartelli per sollecitare interventi\u00a0 a tutela del nosocomio. Cos\u00ec Enrico Gallo, presidente del Comitato Locale Valbormida: &#8220;Sull&#8217;ospedale di Cairo siamo molto preoccupati perch\u00e9 \u00e8 una struttura che viene ridimensionata anno dopo anno. Nel tempo ci sono stati reparti che hanno visto diminuire il numero dei posti letto e quindi c&#8217;\u00e8 paura che nell&#8217;ambito della manovra sanitaria, dopo le dichiarazioni dell&#8217;assessore regionale Montaldo, ci siano ulteriori perdite come il pronto soccorso e la chirurgia che per anni \u00e8 stata un reparto di elite&#8221;.<\/p>\n<p>Nella conferenza dei sindaci che rappresent\u00e0 la Valbormida \u00e8 stata espressa contrariet\u00e0 al piano danitario Asl ed \u00e8 stato elaborato un documento ad hoc per la salvaguardia della salute nell&#8217;area territorioa. Tuttavia la posizione impostata dal manager generale dell&#8217;Asl 2, Flavio Neirotti, \u00e8 sempre la stessa, nonostante le rimostranze degli amministratori contro la soppressione dei posti letto in chirurgia e le prospettive di declassamente del pronto soccorso (di competenza della Regione). <\/p>\n<p>&#8220;Non vogliamo perdere questo ospedale perch\u00e9 \u00e8 dislocato in una zona montana molto disagiata, dichiarata anche di pericolo ambientale, e abbiamo avuto la sensazione che per qualcuno questo presidio ospedaliero non debba servire ad una popolazione di 45 mila abitanti distribuiti su un territorio molto ampio&#8221; osserva Gallo.<\/p>\n<p>&#8220;Sappiamo che i tempi di percorrenza per arrivare ai nosocomi pi\u00f9 importanti variano dai tre quarti d&#8217;ora all&#8217;ora nelle condizioni di traffico normali e che da noi c&#8217;\u00e8 neve e gelo e situazioni ambientali non favorevoli. Il nostro ospedale ha tutte le premesse per restare quello che \u00e8&#8221; conclude Enrico Gallo.<\/p>\n","protected":false},"excerpt":{"rendered":"<p>Cairo Montenotte. I sindaci puntano i piedi e sono spalleggiati dai comitati cittadini, preoccupati per i tagli severi sull&#8217;ospedale di Cairo. Con proteste davanti a Palazzo Sisto, dove si sta svolgendo la conferenza dei sindaci sulla &#8220;cura dimagrante&#8221; dell&#8217;Asl, e cartelli per sollecitare interventi\u00a0 a tutela del nosocomio. Cos\u00ec Enrico Gallo, presidente del Comitato Locale [&hellip;]<\/p>\n","protected":false},"author":13744,"featured_media":0,"comment_status":"open","ping_status":"closed","sticky":false,"template":"","format":"standard","meta":{"footnotes":""},"categories":[],"tags":[1021,292,151,872,111,820],"class_list":["post-205640","post","type-post","status-publish","format-standard","hentry","tag-asl","tag-asl-2","tag-cairo","tag-ospedale","tag-sanita","tag-valbormida","post_cat_citta-andora","post_cat_citta-cairo-montenotte"],"amp_validity":null,"amp_enabled":true,"_links":{"self":[{"href":"https:\/\/staging.ivg.it\/ediapi\/wp\/v2\/posts\/205640","targetHints":{"allow":["GET"]}}],"collection":[{"href":"https:\/\/staging.ivg.it\/ediapi\/wp\/v2\/posts"}],"about":[{"href":"https:\/\/staging.ivg.it\/ediapi\/wp\/v2\/types\/post"}],"author":[{"embeddable":true,"href":"https:\/\/staging.ivg.it\/ediapi\/wp\/v2\/users\/13744"}],"replies":[{"embeddable":true,"href":"https:\/\/staging.ivg.it\/ediapi\/wp\/v2\/comments?post=205640"}],"version-history":[{"count":0,"href":"https:\/\/staging.ivg.it\/ediapi\/wp\/v2\/posts\/205640\/revisions"}],"wp:attachment":[{"href":"https:\/\/staging.ivg.it\/ediapi\/wp\/v2\/media?parent=205640"}],"wp:term":[{"taxonomy":"category","embeddable":true,"href":"https:\/\/staging.ivg.it\/ediapi\/wp\/v2\/categories?post=205640"},{"taxonomy":"post_tag","embeddable":true,"href":"https:\/\/staging.ivg.it\/ediapi\/wp\/v2\/tags?post=205640"}],"curies":[{"name":"wp","href":"https:\/\/api.w.org\/{rel}","templated":true}]}}