{"id":205150,"date":"2011-11-14T13:58:36","date_gmt":"2011-11-14T12:58:36","guid":{"rendered":"http:\/\/www.ivg.it\/?p=205150"},"modified":"2011-11-14T13:58:36","modified_gmt":"2011-11-14T12:58:36","slug":"militari-albenganesi-caduti-in-russia-operazione-memoria-lanciata-dal-comune","status":"publish","type":"post","link":"https:\/\/staging.ivg.it\/2011\/11\/militari-albenganesi-caduti-in-russia-operazione-memoria-lanciata-dal-comune\/","title":{"rendered":"Militari albenganesi caduti in Russia, &#8220;Operazione Memoria&#8221; lanciata dal Comune"},"content":{"rendered":"<p><strong>Albenga<\/strong>. \u201cOperazione Memoria\u201d per il Comune di Albenga. Mercoled\u00ec 30 novembre alle ore 10, presso i Giardini comunali di via Vespucci, si svolger\u00e0 la cerimonia inaugurale della lapide commemorativa dedicata ai militari albenganesi caduti in Russia.<\/p>\n<p>Si tratta di un&#8217;iniziativa organizzata dall&#8217;Associazione Nazionale Famiglie Caduti e Dispersi in Guerra, con il patrocinio e la collaborazione di Comune di Albenga e Provincia di Savona.<\/p>\n<p>Per l&#8217;occasione, il Comune di Albenga, attraverso la segreteria del sindaco, l&#8217;Ufficio Stato Civile e l&#8217;Ufficio stampa lancia un appello pubblico per rintracciare i discendenti e i parenti dei caduti albenganesi, affinch\u00e9 possano prendere parte alla cerimonia in onore dei quarantasei valorosi, dei quali viene diffuso e nome e cognome, al fine di rendere pi\u00f9 facili le ricerche generazionali.<\/p>\n<p>Chi dovesse riconoscere il nome di un proprio antenato o parente, \u00e8 infatti invitato a contattare la segreteria del sindaco allo 0182562266 o allo 0182 562220 o scrivendo via e-mail a sindaco@comune.albenga.sv.it.<\/p>\n<p>Nel novembre 2006, su iniziativa dell&#8217;Unione Nazionale Italiana Reduci Russia, veniva realizzato ed inaugurato in Albenga, presso i Giardini comunali di via Vespucci, un cippo marmoreo dedicato al Caduto Ignoto di Russia, Medaglia d&#8217;Oro al Valor militare.<\/p>\n<p>Raccogliendo l&#8217;eredit\u00e0 morale della sezione ligure dell&#8217;Unirr, il comitato provinciale di Savona dell&#8217;Associazione Nazionale Famiglie Caduti e Dispersi in Guerra, con il patrocinio e il sostegno della Provincia di Savona e della Municipalit\u00e0 di Albenga, ravviva ora il ricordo dei caduti albenganesi in Russia con una lapide su cui sono incisi i nomi dei quarantasei valorosi militari di ogni arma, formazione, grado caduti in combattimento e morti in prigionia.<\/p>\n<p>Ad ognuno di essi si addice la motivazione della Medaglia d&#8217;Oro concessa dal Capo dello Stato al Caduto Ignoto di Russia: &#8220;Valoroso soldato combatt\u00e9 con coraggio nelle lontane steppe russe per l&#8217;onore della Patria. Sacrific\u00f2 la vita nelle pi\u00f9 cruenti battaglie e nei campi di prigionia, dimostrando sempre pi\u00f9 spirito di sacrificio ed eccezionale dignit\u00e0. Magnifico esempio di alto sentimento del dovere e di fulgido eroismo&#8221; (il presidente della Repubblica Francesco Cossiga, Roma, 6 febbraio 1992).<\/p>\n<p>La cerimonia prevede, alle ore 10, l&#8217;afflusso delle associazioni combattentistiche e d&#8217;Arma, scolaresche e cittadinanza; alle ore 10,30 il ricevimento delle autorit\u00e0 e, a seguire, alzabandiera preceduto dalla consegna del tricolore, dono dell&#8217;Associazione Nazionale Famiglie Caduti e Dispersi in Guerra, alla citt\u00e0 di Albenga; la consegna della bandiera sociale, dono della presidenza della Provincia di Savona, all&#8217;Associazione Nazionale Famiglie Caduti e Dispersi in Guerra, comitato provinciale di Savona.<\/p>\n<p>Poi avr\u00e0 luogo lo scoprimento della lapide alla memoria dei Militari albenganesi caduti in Russia e morti in prigionia, appello nominale dei caduti; quindi il versamento della sabbia del Don nella Teca; la deposizione della corona e resa degli onori ai caduti; le allocuzioni; la celebrazione della Messa.<\/p>\n","protected":false},"excerpt":{"rendered":"<p>Albenga. \u201cOperazione Memoria\u201d per il Comune di Albenga. Mercoled\u00ec 30 novembre alle ore 10, presso i Giardini comunali di via Vespucci, si svolger\u00e0 la cerimonia inaugurale della lapide commemorativa dedicata ai militari albenganesi caduti in Russia. Si tratta di un&#8217;iniziativa organizzata dall&#8217;Associazione Nazionale Famiglie Caduti e Dispersi in Guerra, con il patrocinio e la collaborazione [&hellip;]<\/p>\n","protected":false},"author":13744,"featured_media":0,"comment_status":"open","ping_status":"closed","sticky":false,"template":"","format":"standard","meta":{"footnotes":""},"categories":[],"tags":[85841,1289,9230,416],"class_list":["post-205150","post","type-post","status-publish","format-standard","hentry","tag-albenga","tag-caduti","tag-militari","tag-russia","post_cat_citta-albenga"],"amp_validity":null,"amp_enabled":true,"_links":{"self":[{"href":"https:\/\/staging.ivg.it\/ediapi\/wp\/v2\/posts\/205150","targetHints":{"allow":["GET"]}}],"collection":[{"href":"https:\/\/staging.ivg.it\/ediapi\/wp\/v2\/posts"}],"about":[{"href":"https:\/\/staging.ivg.it\/ediapi\/wp\/v2\/types\/post"}],"author":[{"embeddable":true,"href":"https:\/\/staging.ivg.it\/ediapi\/wp\/v2\/users\/13744"}],"replies":[{"embeddable":true,"href":"https:\/\/staging.ivg.it\/ediapi\/wp\/v2\/comments?post=205150"}],"version-history":[{"count":0,"href":"https:\/\/staging.ivg.it\/ediapi\/wp\/v2\/posts\/205150\/revisions"}],"wp:attachment":[{"href":"https:\/\/staging.ivg.it\/ediapi\/wp\/v2\/media?parent=205150"}],"wp:term":[{"taxonomy":"category","embeddable":true,"href":"https:\/\/staging.ivg.it\/ediapi\/wp\/v2\/categories?post=205150"},{"taxonomy":"post_tag","embeddable":true,"href":"https:\/\/staging.ivg.it\/ediapi\/wp\/v2\/tags?post=205150"}],"curies":[{"name":"wp","href":"https:\/\/api.w.org\/{rel}","templated":true}]}}