{"id":205000,"date":"2011-11-13T18:42:41","date_gmt":"2011-11-13T17:42:41","guid":{"rendered":"http:\/\/www.ivg.it\/?p=205000"},"modified":"2011-11-14T08:05:24","modified_gmt":"2011-11-14T07:05:24","slug":"savona-domani-lo-sciopero-dei-lavoratori-tpl-bus-fermi-dalle-830","status":"publish","type":"post","link":"https:\/\/staging.ivg.it\/2011\/11\/savona-domani-lo-sciopero-dei-lavoratori-tpl-bus-fermi-dalle-830\/","title":{"rendered":"Savona, domani lo sciopero dei lavoratori Tpl: bus fermi dalle 8,30"},"content":{"rendered":"<p><strong>Savona<\/strong>. Domani mattina (luned\u00ec 14 novembre), a partire dalle ore 8,30, scatter\u00e0 il nuovo sciopero dei lavoratori di Tpl proclamato dalle Segreterie Provinciali di Filt, Cgil, Fit Cisl, Uiltrasporti, Faisa Cisal e Cub Trasporti. I bus resteranno &#8220;ai box&#8221; fino alle 17,30 e poi ancora dalle 20 fino a fine servizio.<\/p>\n<p>I manifestanti partiranno intorno alle 10 dalla sede Tpl per un corteo che attraverser\u00e0 tutta la citt\u00e0. Il corteo terminer\u00e0 in piazza Sisto, sotto il Comune, intorno alle 11,30. Una delegazione di lavoratori chieder\u00e0 poi di incontrare il sindaco Federico Berruti.<\/p>\n<p>Quello di domani \u00e8 uno sciopero criticato dai vertici aziendali Tpl che durante la settimana avevano chiesto di rinviarlo: &#8220;Nonostante l\u2019appello di responsabilit\u00e0 rivolto dall\u2019azienda a tutte le sigle sindacali affinch\u00e9 \u2013 visti i disagi che la nostra provincia ha subito causa maltempo, i molteplici giorni di chiusura delle scuole e le difficolt\u00e0 incontrate da tutti i cittadini nel corso dell\u2019emergenza meteo \u2013 lo sciopero venisse rinviato a data successiva non abbiamo ricevuto nessuna risposta da parte dei sindacati&#8221;.<\/p>\n<p>Dall&#8217;azienda avevano anche definito lo sciopero come &#8220;l\u2019ennesimo atto unilaterale che &#8211; a differenza di altri comparti come ad esempio accaduto per i benzinai &#8211; antepone ai gravi eventi accaduti nella provincia di Savona la difesa dei propri interessi\u201d. Durante la manifestazione Tpl Linea non potr\u00e0 garantire l&#8217;esecuzione del servizio di trasporto pubblico.<\/p>\n<p>Per ulteriori informazioni sui servizi Tpl \u00e8 possibile contattare il numero 800 012727 (attivo nei giorni feriali dal luned\u00ec al venerd\u00ec dalle ore 7.15 alle ore 17.30) e il sito internet all\u2019indirizzo www.tpllinea.it.<\/p>\n","protected":false},"excerpt":{"rendered":"<p>Savona. Domani mattina (luned\u00ec 14 novembre), a partire dalle ore 8,30, scatter\u00e0 il nuovo sciopero dei lavoratori di Tpl proclamato dalle Segreterie Provinciali di Filt, Cgil, Fit Cisl, Uiltrasporti, Faisa Cisal e Cub Trasporti. I bus resteranno &#8220;ai box&#8221; fino alle 17,30 e poi ancora dalle 20 fino a fine servizio. I manifestanti partiranno intorno [&hellip;]<\/p>\n","protected":false},"author":13744,"featured_media":0,"comment_status":"open","ping_status":"closed","sticky":false,"template":"","format":"standard","meta":{"footnotes":""},"categories":[56],"tags":[871,85850,2152,410,6164],"class_list":["post-205000","post","type-post","status-publish","format-standard","hentry","category-altre","tag-lavoratori","tag-savona","tag-sciopero","tag-sindacati","tag-tpl","post_cat_citta-savona"],"amp_validity":null,"amp_enabled":true,"_links":{"self":[{"href":"https:\/\/staging.ivg.it\/ediapi\/wp\/v2\/posts\/205000","targetHints":{"allow":["GET"]}}],"collection":[{"href":"https:\/\/staging.ivg.it\/ediapi\/wp\/v2\/posts"}],"about":[{"href":"https:\/\/staging.ivg.it\/ediapi\/wp\/v2\/types\/post"}],"author":[{"embeddable":true,"href":"https:\/\/staging.ivg.it\/ediapi\/wp\/v2\/users\/13744"}],"replies":[{"embeddable":true,"href":"https:\/\/staging.ivg.it\/ediapi\/wp\/v2\/comments?post=205000"}],"version-history":[{"count":0,"href":"https:\/\/staging.ivg.it\/ediapi\/wp\/v2\/posts\/205000\/revisions"}],"wp:attachment":[{"href":"https:\/\/staging.ivg.it\/ediapi\/wp\/v2\/media?parent=205000"}],"wp:term":[{"taxonomy":"category","embeddable":true,"href":"https:\/\/staging.ivg.it\/ediapi\/wp\/v2\/categories?post=205000"},{"taxonomy":"post_tag","embeddable":true,"href":"https:\/\/staging.ivg.it\/ediapi\/wp\/v2\/tags?post=205000"}],"curies":[{"name":"wp","href":"https:\/\/api.w.org\/{rel}","templated":true}]}}