{"id":204996,"date":"2011-11-13T18:35:06","date_gmt":"2011-11-13T17:35:06","guid":{"rendered":"http:\/\/www.ivg.it\/?p=204996"},"modified":"2011-11-14T11:57:33","modified_gmt":"2011-11-14T10:57:33","slug":"il-palazzetto-di-quiliano-ospita-i-campionati-regionali-di-karate-tallarico-abbiamo-perso-il-basket-ma-non-ci-dimentichiamo-dello-sport","status":"publish","type":"post","link":"https:\/\/staging.ivg.it\/2011\/11\/il-palazzetto-di-quiliano-ospita-i-campionati-regionali-di-karate-tallarico-abbiamo-perso-il-basket-ma-non-ci-dimentichiamo-dello-sport\/","title":{"rendered":"Quiliano ospita i campionati regionali di karate, Tallarico: \u201cAbbiamo perso il basket ma non ci dimentichiamo dello sport\u201d"},"content":{"rendered":"<p><strong>Quiliano<\/strong>. L&#8217;anno scorso gli spalti del palazzetto di Quiliano si riempivano dei tifosi del Riviera Basket. Adesso, proprio perch\u00e9 rimasto &#8220;orfano&#8221; della squadra di pallacanestro, il palasport quilianese \u00e8 sfruttato dall&#8217;amministrazione per altri eventi sportivi. Come i campionati regionali di karate che si sono svolti nella struttura di Quiliano questo weekend. Una manifestazione di grande importanza che ha visto oltre 500 atleti sfidarsi in gare di combattimento e non solo.<\/p>\n<p>&#8220;Nonostante la defezione del Riviera Basket che ormai non gioca pi\u00f9 in questo palazzetto, questa struttura continua a vivere nel nostro Comune grazie anche all&#8217;impegno della polisportiva attraverso tutti i suoi vari settori&#8221; ha commentato il vice sindaco del Comune di Quiliano Antonio Tallarico. &#8220;In questo caso &#8211; ha proseguito il vicesindaco &#8211; con il karate che d\u00e0 lustro al nostro Comune e comunque dimostra che lo sport \u00e8 molto sentito dalla nostra amministrazione e da tutta la nostra collettivit\u00e0. Ci sono persone che lavorano moltissimo per fare in modo che i giovani abbiano uno sbocco nelle attivit\u00e0 sportivo e la manifestazione di oggi lo dimostra&#8221;.<\/p>\n<p>&#8220;Lo sport a Quiliano \u00e8 vivo e un evento di questo genere credo sia un buon passo in avanti per compensare il vuoto lasciato dal Riviera Basket nel palazzetto&#8221; ha concluso Tallarico.<\/p>\n<p>&#8220;Com&#8217;\u00e8 noto l&#8217;azienda da sempre ha cercato di essere vicina al territorio ed a tutte quelle iniziative che sono caratterizzate da una forte sensibilit\u00e0 sociale&#8221; ha spiegato il rappresentante di Tirreno Power Alessandro Bernardini, responsabile delle risorse umane dell&#8217;azienda che ha appoggiato i campionati regionali di karate. &#8220;Credo che la presenza di tutti questi giovani e famiglie confermi la bont\u00e0 della nostra scelta. Per noi fare impresa significa avere attenzione all&#8217;ambiente, all&#8217;occupazione, allo sviluppo del territorio ed anche alle iniziative belle come quella di oggi&#8221; conclude Bernardini.<\/p>\n<p>&#8220;E&#8217; la pi\u00f9 importante manifestazione sportiva nel karate regionale. Sono i campionati liguri e proprio durante questo evento abbiamo premiato i ragazzi pi\u00f9 meritevoli della nostra regione. Gli atleti presenti si sono confrontati in una gara di combattimento ed in una della specialit\u00e0 di kat\u00e0&#8221; ha spiegato il presidente della Polisportiva Karate Quiliano Rodoflo Fersini.<\/p>\n","protected":false},"excerpt":{"rendered":"<p>Quiliano. L&#8217;anno scorso gli spalti del palazzetto di Quiliano si riempivano dei tifosi del Riviera Basket. Adesso, proprio perch\u00e9 rimasto &#8220;orfano&#8221; della squadra di pallacanestro, il palasport quilianese \u00e8 sfruttato dall&#8217;amministrazione per altri eventi sportivi. Come i campionati regionali di karate che si sono svolti nella struttura di Quiliano questo weekend. Una manifestazione di grande [&hellip;]<\/p>\n","protected":false},"author":13744,"featured_media":0,"comment_status":"open","ping_status":"closed","sticky":false,"template":"","format":"standard","meta":{"footnotes":""},"categories":[56,32],"tags":[12184,1963,85860],"class_list":["post-204996","post","type-post","status-publish","format-standard","hentry","category-altre","category-sport","tag-antonio-tallarico","tag-karate","tag-quiliano","post_cat_citta-quiliano"],"amp_validity":null,"amp_enabled":true,"_links":{"self":[{"href":"https:\/\/staging.ivg.it\/ediapi\/wp\/v2\/posts\/204996","targetHints":{"allow":["GET"]}}],"collection":[{"href":"https:\/\/staging.ivg.it\/ediapi\/wp\/v2\/posts"}],"about":[{"href":"https:\/\/staging.ivg.it\/ediapi\/wp\/v2\/types\/post"}],"author":[{"embeddable":true,"href":"https:\/\/staging.ivg.it\/ediapi\/wp\/v2\/users\/13744"}],"replies":[{"embeddable":true,"href":"https:\/\/staging.ivg.it\/ediapi\/wp\/v2\/comments?post=204996"}],"version-history":[{"count":0,"href":"https:\/\/staging.ivg.it\/ediapi\/wp\/v2\/posts\/204996\/revisions"}],"wp:attachment":[{"href":"https:\/\/staging.ivg.it\/ediapi\/wp\/v2\/media?parent=204996"}],"wp:term":[{"taxonomy":"category","embeddable":true,"href":"https:\/\/staging.ivg.it\/ediapi\/wp\/v2\/categories?post=204996"},{"taxonomy":"post_tag","embeddable":true,"href":"https:\/\/staging.ivg.it\/ediapi\/wp\/v2\/tags?post=204996"}],"curies":[{"name":"wp","href":"https:\/\/api.w.org\/{rel}","templated":true}]}}