{"id":204367,"date":"2011-11-10T17:02:42","date_gmt":"2011-11-10T16:02:42","guid":{"rendered":"http:\/\/www.ivg.it\/?p=204367"},"modified":"2011-11-10T17:22:37","modified_gmt":"2011-11-10T16:22:37","slug":"rassegna-uno-sguardo-all%e2%80%99africa-doppio-appuntamento-al-nuovofilmstudio","status":"publish","type":"post","link":"https:\/\/staging.ivg.it\/2011\/11\/rassegna-uno-sguardo-all%e2%80%99africa-doppio-appuntamento-al-nuovofilmstudio\/","title":{"rendered":"Rassegna &#8220;Uno sguardo sull\u2019Africa&#8221;: doppio appuntamento al Nuovofilmstudio"},"content":{"rendered":"<p><strong>Provincia.<\/strong> La tradizionale rassegna &#8220;Uno sguardo sull\u2019Africa&#8221;, promossa dall&#8217;Assessorato alla Cooperazione Internazionale e alla Pace della Provincia di Savona, in collaborazione con Universit\u00e0 degli Studi di Genova, Associazione Melisandra e Nuovofilmstudio, riprender\u00e0 la prossima primavera, ma nel frattempo il 17 e il 24 novembre si terr\u00e0 la proiezione di due film attuali. <\/p>\n<p>&#8220;Solo andata&#8221;, gioved\u00ec 17 novembre, racconta, attraverso gli occhi del giovane Sidi, le vicissitudini di una famiglia tuareg nigerina in Italia, e verr\u00e0 presentato dal regista Fabio Caramaschi. <\/p>\n<p>&#8220;Uomini senza legge&#8221;, gioved\u00ec 24 novembre, pur affrontando la questione algerina, parla un linguaggio universale, di cui il regista Rachid Bouchareb ha gi\u00e0 dato prova con i suoi film precedenti.<br \/>\nIntroduzione a cura di Daniela Ricci. <\/p>\n","protected":false},"excerpt":{"rendered":"<p>Provincia. La tradizionale rassegna &#8220;Uno sguardo sull\u2019Africa&#8221;, promossa dall&#8217;Assessorato alla Cooperazione Internazionale e alla Pace della Provincia di Savona, in collaborazione con Universit\u00e0 degli Studi di Genova, Associazione Melisandra e Nuovofilmstudio, riprender\u00e0 la prossima primavera, ma nel frattempo il 17 e il 24 novembre si terr\u00e0 la proiezione di due film attuali. &#8220;Solo andata&#8221;, gioved\u00ec [&hellip;]<\/p>\n","protected":false},"author":13744,"featured_media":0,"comment_status":"open","ping_status":"closed","sticky":false,"template":"","format":"standard","meta":{"footnotes":""},"categories":[],"tags":[3447,3585,85850],"class_list":["post-204367","post","type-post","status-publish","format-standard","hentry","tag-africa","tag-provincia-savona","tag-savona","post_cat_citta-savona"],"amp_validity":null,"amp_enabled":true,"_links":{"self":[{"href":"https:\/\/staging.ivg.it\/ediapi\/wp\/v2\/posts\/204367","targetHints":{"allow":["GET"]}}],"collection":[{"href":"https:\/\/staging.ivg.it\/ediapi\/wp\/v2\/posts"}],"about":[{"href":"https:\/\/staging.ivg.it\/ediapi\/wp\/v2\/types\/post"}],"author":[{"embeddable":true,"href":"https:\/\/staging.ivg.it\/ediapi\/wp\/v2\/users\/13744"}],"replies":[{"embeddable":true,"href":"https:\/\/staging.ivg.it\/ediapi\/wp\/v2\/comments?post=204367"}],"version-history":[{"count":0,"href":"https:\/\/staging.ivg.it\/ediapi\/wp\/v2\/posts\/204367\/revisions"}],"wp:attachment":[{"href":"https:\/\/staging.ivg.it\/ediapi\/wp\/v2\/media?parent=204367"}],"wp:term":[{"taxonomy":"category","embeddable":true,"href":"https:\/\/staging.ivg.it\/ediapi\/wp\/v2\/categories?post=204367"},{"taxonomy":"post_tag","embeddable":true,"href":"https:\/\/staging.ivg.it\/ediapi\/wp\/v2\/tags?post=204367"}],"curies":[{"name":"wp","href":"https:\/\/api.w.org\/{rel}","templated":true}]}}