{"id":204184,"date":"2011-11-10T10:25:46","date_gmt":"2011-11-10T09:25:46","guid":{"rendered":"http:\/\/www.ivg.it\/?p=204184"},"modified":"2011-11-10T10:25:46","modified_gmt":"2011-11-10T09:25:46","slug":"comitato-sanitario-locale-valbormida-strenua-difesa-dellospedale-cairese","status":"publish","type":"post","link":"https:\/\/staging.ivg.it\/2011\/11\/comitato-sanitario-locale-valbormida-strenua-difesa-dellospedale-cairese\/","title":{"rendered":"Comitato Sanitario Locale Valbormida: strenua difesa dell&#8217;ospedale cairese"},"content":{"rendered":"<p><strong>Cairo M.<\/strong> Attoniti e disorientati, questi gli aggettivi che possono qualificare lo stato d\u2019animo del Comitato Sanitario Locale Valbormida.<\/p>\n<p>Attoniti e sconcertati perch\u00e9, non si sa pi\u00f9 chi fa o chi \u00e8 responsabile e di che cosa, di chi governa e di chi ha potere decisionale. Attoniti e frastornati perch\u00e9 tutti, politici senza cariche pubbliche, manager, primari, ecc \u2026 esternano, sentenziano e danno la loro ricetta per curare la sanit\u00e0 malata, proclamando ovviamente la loro estraneit\u00e0 ad interessi campanilistici, di partito, di difesa del posto di lavoro o di carriera, preoccupandosi diligentemente di screditare chi ha detto qualcosa che pu\u00f2 ledere ad uno degli interessi al quale il sentenziante \u00e8 legato.<\/p>\n<p>L\u2019ultimo della lista il Direttore Generale dell\u2019AGENAS (Agenzia Nazionale per la Sanit\u00e0) Fulvio Moirano che arriva anche lui con la sua falce e che sentenzia sui servizi sovradimensionati dell\u2019ASL2 per una popolazione di 280mila abitanti. Questo signore, che probabilmente nonostante le sue origini savonesi non sa, non ha mai saputo, o non ricorda dov\u2019\u00e8 la Valbormida con il suo clima tutt\u2019altro che rivierasco, risulta non curarsi o dimenticare che detta popolazione (residenti della provincia di Savona ASL 2) si triplica durante l\u2019estate (fonte Regione Liguria; ndr), cos\u00ec come, malori a parte, purtroppo durante questo periodo aumentano di molto anche gli incidenti di ogni genere. Dimentica inoltre, che durante l\u2019inverno decine di migliaia di persone di altre regioni trascorrono in riviera lunghi periodi, per beneficiare di un clima pi\u00f9 mite.<\/p>\n<p>Ma altre due considerazioni sorgono spontane: se L\u2019Agenzia Regionale della Sanit\u00e0 della Liguria impiega ben 37 persone tra impiegati, funzionari e dirigenti pi\u00f9 il Direttore Generale, (non azzardiamo stime di costi) quante persone lavoreranno nell\u2019AGENAS?; se queste Agenzie Nazionali e Regionali (presenti in 7 Regioni Italiane: Lazio, Marche, Piemonte, Puglia, Toscana, Veneto e Liguria) sono cos\u00ec utili ed efficienti, perch\u00e9 in Regione Liguria, si \u00e8 dovuto sottostare al controllo del consulente ministeriale?&#8221;<\/p>\n<p>Attoniti e increduli perch\u00e9 ogni giorno compaiono notizie, proposte tabelle e numeri che cambiano in continuazione: chi parla di un ospedale cairese che godfrebbe di ottima salute e chi parla di tagli inclementi. Attoniti e arrabbiati perch\u00e9 pare che ben pochi ricordino che la Salute \u00e8 un bene per tutti (art. 32 della nostra Costituzione). Arrabbiati ed indignati del fatto che, sempre pi\u00f9, la salute pubblica venga gestita con il criterio delle grandi aziende multinazionali e non; Questo reparto non \u00e8 produttivo? Perch\u00e9 perdere tempo ad analizzare il motivo che ha portato a questa inefficienza, perch\u00e9 tentare di migliorarlo? Lo svuotiamo gradualmente, piano-piano, dei suoi contenuti professionali, strutturali e strumentali, cosicch\u00e9 sia facilmente sostenibile che non \u00e8 &#8216;sostenibile&#8217; sia sotto il profilo economico che di sicurezza dei pazienti (clienti), quindi, ecco servite su un piatto d\u2019argento le motivazioni per la chiusura.       <\/p>\n<p>Arrabbiati e sbalorditi dell\u2019audacia con cui sentiamo dire &#8216;troppe operazioni inutili&#8217;<br \/>\nAmmettendo e sospettando, che ahinoi, questa affermazione sia giusta; chi \u00e8 che, per un problema di salute, propone al paziente una soluzione chirurgica? Non conosciamo nessuno che trovi piacere nel farsi anestetizzare, tagliare, ricucire e farsi riabilitare. Quindi ci sembra logico, domandarci perch\u00e9 ci sono &#8216;troppe operazioni inutili&#8217;?<\/p>\n<p>Nonostante tutte queste deplorevoli situazioni, noi CSLV vogliamo rimanere vigili e presenti in ogni occasione che ci permetta di esprimere il nostro punto di vista.<\/p>\n<p>Ricordiamo che la Valbormida \u00e8 stata qualificata zona montana, disagiata e ad alto rischio ambientale e come tale, in deroga a tutte le statistiche, parametri nazionali e valutazioni sbandierate da Agenzie Regionali e Nazionali e dai loro esperti, gran direttori e consulenti ministeriali, ha ottenuto il riconoscimento di distretto sanitario con il suo ospedale con annesso pronto soccorso 24\/24 e 7\/7.<\/p>\n<p>Nello specifico, mentre continuiamo a ricevere firme per la nostra petizione, mentre attendiamo il piano definitivo della riorganizzazione ospedaliera che possibilmente traguardi oltre il 2012, prendendo come riferimento il documento redatto e consegnato all\u2019ASL dai sindaci e medici del nostro Distretto, con i quali abbiamo dato inizio ad una nuova stagione di confronto dialettico, esprimiamo il nostro punto di vista: non c\u2019\u00e8 dubbio che il Pronto Soccorso debba essere adeguato in risorse umane e tecnologiche; posto che il laboratorio analisi ha gi\u00e0 dato, deve essere assicurata almeno una continuit\u00e0 del funzionamento attuale, specie per ci\u00f2 che riguarda l\u2019interscambio informativo tra medici analisti e medici di base; la cardiologia ha gi\u00e0 sofferto abbastanza, \u00e8 ora di integrare senza indugio il 4\u00b0 cardiologo; continuiamo ad esprimere il nostro dissenso per la cancellazione degli otto posti letto di Chirurgia Generale, perch\u00e9 \u00e8 solo questa struttura complessa, coordinata da un Direttore (Primario) che garantisce una serie di servizi come; la reperibilit\u00e0 24 ore su 24, 7 giorni su 7 dei vari specialisti (chirurghi, anestesisti\/rianimatori, cardiologi e personale di sala operatoria). Tutto ci\u00f2 per sostenere in maniera efficace un Pronto Soccorso come al punto 1.   <\/p>\n<p>Ben venga a suo completamento un incremento di varie specialit\u00e0 della Day e One Day Surgery (che gi\u00e0 esiste); per la Medicina Generale, reparto per il quale le informazioni che ci pervengono, riportano un lento e progressivo depauperamento dei servizi, riteniamo che, al fine di garantire un adeguato mantenimento sotto controllo dei pazienti ed un servizio efficiente in tutti i suoi aspetti, questo reparto debba essere mantenuto come unit\u00e0 operativa complessa.<\/p>\n<p>Hospice. Di fatto un\u2019esigua parte della Medicina Generale ci pare sia gi\u00e0 adibita a questo scopo, si tratta di vedere le effettive necessit\u00e0 in termine di numero di posti letto.<\/p>\n<p>Riabilitazione, ferma restando l\u2019attuale configurazione di struttura semplice dipartimentale, ma anche per questo reparto riteniamo che esistano gli stessi problemi e necessit\u00e0 del reparto di Medicina Generale. Oltre a queste considerazioni, troviamo assolutamente inopportuna e del tutto arbitraria la disposizione di rimuovere l\u2019apparecchio delle ONDE D\u2019URTO, apparecchio dotato delle pi\u00f9 moderne tecnologie e per il quale permane una notevole lista d\u2019attesa dovuta ad una mancanza di specialista per il suo uso. Altro caso di ottima professionalit\u00e0 la D.ssa Garnero (con un\u2019ottima conoscenza dell\u2019apparecchiatura e dei processi di cura fattibili), che si \u00e8 pensato bene di togliere da Cairo.<\/p>\n<p>Infine condividiamo pienamente la richiesta di riavere in loco la presenza di un Direttore Sanitario o facente funzione, ma che possa vegliare quotidianamente sulla corretta operativit\u00e0 dei vari reparti, nonch\u00e9 intessere e mantenere un costante interscambio con la medicina del territorio ossia Medici di base (di famiglia) e Pediatri di libera scelta.  <\/p>\n<p>Tutto ci\u00f2 premesso, per decisione collegiale del CSLV, per dare tutto il nostro sostegno ai sindaci e medici impegnati in queste trattative e per mantenere chiare ed inequivocabili le nostre motivazioni, gi\u00e0 espresse sul modulo utilizzato per la raccolta delle firme (al fine di mantenere quantomeno nello stato attuale la struttura organizzativa dell\u2019Ospedale San Giuseppe, migliorandone in ogni caso in quantit\u00e0 e qualit\u00e0 il contenuto tecnico \u2013 professionale e ripristinando ci\u00f2 che di recente \u00e8 stato sottratto),  assicuriamo la nostra presenza di fronte al Palazzo di Citt\u00e0, prima, durante e dopo l\u2019incontro, previsto tra il Distretto n.6 delle Bormide e la Direzione dell\u2019ASL 2, nella giornata dell\u2019 8 novembre 2011.  <\/p>\n<p><strong>Comitato Sanitario Locale Valbormida<\/strong> <\/p>\n","protected":false},"excerpt":{"rendered":"<p>Cairo M. Attoniti e disorientati, questi gli aggettivi che possono qualificare lo stato d\u2019animo del Comitato Sanitario Locale Valbormida. Attoniti e sconcertati perch\u00e9, non si sa pi\u00f9 chi fa o chi \u00e8 responsabile e di che cosa, di chi governa e di chi ha potere decisionale. Attoniti e frastornati perch\u00e9 tutti, politici senza cariche pubbliche, [&hellip;]<\/p>\n","protected":false},"author":13744,"featured_media":0,"comment_status":"open","ping_status":"closed","sticky":false,"template":"","format":"standard","meta":{"footnotes":""},"categories":[],"tags":[151,26597],"class_list":["post-204184","post","type-post","status-publish","format-standard","hentry","tag-cairo","tag-comitato-sanitario-locale-valbormida","post_cat_citta-cairo-montenotte"],"amp_validity":null,"amp_enabled":true,"_links":{"self":[{"href":"https:\/\/staging.ivg.it\/ediapi\/wp\/v2\/posts\/204184","targetHints":{"allow":["GET"]}}],"collection":[{"href":"https:\/\/staging.ivg.it\/ediapi\/wp\/v2\/posts"}],"about":[{"href":"https:\/\/staging.ivg.it\/ediapi\/wp\/v2\/types\/post"}],"author":[{"embeddable":true,"href":"https:\/\/staging.ivg.it\/ediapi\/wp\/v2\/users\/13744"}],"replies":[{"embeddable":true,"href":"https:\/\/staging.ivg.it\/ediapi\/wp\/v2\/comments?post=204184"}],"version-history":[{"count":0,"href":"https:\/\/staging.ivg.it\/ediapi\/wp\/v2\/posts\/204184\/revisions"}],"wp:attachment":[{"href":"https:\/\/staging.ivg.it\/ediapi\/wp\/v2\/media?parent=204184"}],"wp:term":[{"taxonomy":"category","embeddable":true,"href":"https:\/\/staging.ivg.it\/ediapi\/wp\/v2\/categories?post=204184"},{"taxonomy":"post_tag","embeddable":true,"href":"https:\/\/staging.ivg.it\/ediapi\/wp\/v2\/tags?post=204184"}],"curies":[{"name":"wp","href":"https:\/\/api.w.org\/{rel}","templated":true}]}}