{"id":204172,"date":"2011-11-10T09:46:32","date_gmt":"2011-11-10T08:46:32","guid":{"rendered":"http:\/\/www.ivg.it\/?p=204172"},"modified":"2011-11-10T09:46:32","modified_gmt":"2011-11-10T08:46:32","slug":"albenga-riprendono-le-attivita-dei-laboratori-artgroup","status":"publish","type":"post","link":"https:\/\/staging.ivg.it\/2011\/11\/albenga-riprendono-le-attivita-dei-laboratori-artgroup\/","title":{"rendered":"Albenga, riprendono le attivit\u00e0 dei laboratori ArtGroup"},"content":{"rendered":"<p><strong>Albenga<\/strong>. Dopo la pausa imposta dalle avverse condizioni meteo, riprendono le attivit\u00e0 di ArtGroup ad Albenga. Tutte le novit\u00e0 del progetto saranno presentate venerd\u00ec 11 novembre, alle ore 21, in via Torino, nei locali recentemente inaugurati, e messi a disposizione dell&#8217;associazione ART Onlus da parte del Comune di Albenga.<\/p>\n<p>Gli orari delle attivit\u00e0 educative, che si svolgeranno tutti i sabati, saranno i seguenti: 16.30 &#8211; 17.10 per chi frequenta la Scuola dell&#8217;Infanzia; 17.20 &#8211; 18.20 per chi frequenta la Scuola Primaria; 18.30 &#8211; 19.30 per chi frequenta la Scuola Secondaria di I e II grado (sino a 20 anni).<\/p>\n<p>ArtGroup \u00e8 un laboratorio di &#8220;canto&#8230;e dintorni&#8221; all&#8217;interno del quale i partecipanti vengono guidati nella scoperta e nello sviluppo delle loro abilit\u00e0 artistiche ed umane grazie alle competenze di validi formatori.<\/p>\n","protected":false},"excerpt":{"rendered":"<p>Albenga. Dopo la pausa imposta dalle avverse condizioni meteo, riprendono le attivit\u00e0 di ArtGroup ad Albenga. Tutte le novit\u00e0 del progetto saranno presentate venerd\u00ec 11 novembre, alle ore 21, in via Torino, nei locali recentemente inaugurati, e messi a disposizione dell&#8217;associazione ART Onlus da parte del Comune di Albenga. Gli orari delle attivit\u00e0 educative, che [&hellip;]<\/p>\n","protected":false},"author":13744,"featured_media":0,"comment_status":"open","ping_status":"closed","sticky":false,"template":"","format":"standard","meta":{"footnotes":""},"categories":[56],"tags":[85841,12714],"class_list":["post-204172","post","type-post","status-publish","format-standard","hentry","category-altre","tag-albenga","tag-artgroup","post_cat_citta-albenga"],"amp_validity":null,"amp_enabled":true,"_links":{"self":[{"href":"https:\/\/staging.ivg.it\/ediapi\/wp\/v2\/posts\/204172","targetHints":{"allow":["GET"]}}],"collection":[{"href":"https:\/\/staging.ivg.it\/ediapi\/wp\/v2\/posts"}],"about":[{"href":"https:\/\/staging.ivg.it\/ediapi\/wp\/v2\/types\/post"}],"author":[{"embeddable":true,"href":"https:\/\/staging.ivg.it\/ediapi\/wp\/v2\/users\/13744"}],"replies":[{"embeddable":true,"href":"https:\/\/staging.ivg.it\/ediapi\/wp\/v2\/comments?post=204172"}],"version-history":[{"count":0,"href":"https:\/\/staging.ivg.it\/ediapi\/wp\/v2\/posts\/204172\/revisions"}],"wp:attachment":[{"href":"https:\/\/staging.ivg.it\/ediapi\/wp\/v2\/media?parent=204172"}],"wp:term":[{"taxonomy":"category","embeddable":true,"href":"https:\/\/staging.ivg.it\/ediapi\/wp\/v2\/categories?post=204172"},{"taxonomy":"post_tag","embeddable":true,"href":"https:\/\/staging.ivg.it\/ediapi\/wp\/v2\/tags?post=204172"}],"curies":[{"name":"wp","href":"https:\/\/api.w.org\/{rel}","templated":true}]}}