{"id":204155,"date":"2011-11-10T08:24:37","date_gmt":"2011-11-10T07:24:37","guid":{"rendered":"http:\/\/www.ivg.it\/?p=204155"},"modified":"2011-11-10T16:54:52","modified_gmt":"2011-11-10T15:54:52","slug":"giorgio-faletti-a-savona-con-il-suo-tre-atti-e-due-tempi","status":"publish","type":"post","link":"https:\/\/staging.ivg.it\/2011\/11\/giorgio-faletti-a-savona-con-il-suo-tre-atti-e-due-tempi\/","title":{"rendered":"Giorgio Faletti a Savona con il suo \u201cTre atti e due tempi\u201d"},"content":{"rendered":"<p><strong>Savona. <\/strong>Domani, venerd\u00ec 11 novembre, alle ore 18 presso la Sala Rossa del Comune incontro con lo scrittore Giorgio Faletti e presentazione del libro &#8220;Tre atti e due tempi&#8221;<\/p>\n<p>Con &#8220;Tre atti e due tempi&#8221; Giorgio Faletti ci consegna un romanzo perfetto come una partitura musicale e teso come un thriller, che toglie il fiato con il susseguirsi dei colpi di scena, mentre ad ogni pagina i personaggi acquistano umanit\u00e0 e verit\u00e0. &#8220;Io mi chiamo Silvano ma la provincia \u00e8 sempre pronta a trovare un soprannome. E da Silvano a Silver la strada \u00e8 breve&#8221;. Con la sua voce dimessa e magnetica, sottolineata da una nota sulfurea e intrisa di umorismo amaro, il protagonista ci porta dentro una storia che, lette le prime righe, non riusciamo pi\u00fa ad abbandonare.<\/p>\n<p>Un romanzo che stringe in unit\u00e0 fili diversi: la corruzione del calcio e della societ\u00e0, la mancanza di futuro per chi \u00e8 giovane, la responsabilit\u00e0 individuale, la qualit\u00e0 dell\u00b4amore e dei sentimenti in ogni momento della vita, il conflitto tra genitori e figli. E intanto, davanti ai nostri occhi, si disegnano i tratti affaticati e sorridenti di un personaggio indimenticabile. Silver, l\u00b4antieroe in cui tutti ci riconosciamo e di cui tutti abbiamo bisogno&#8230;<\/p>\n<p>Giorgio Faletti (Asti, 1950) \u00e8 uno dei principali scrittori di gialli italiani, oltre che cabarettista, attore, scrittore, musicista, paroliere e compositore. I suoi libri sono tradotti in 25 lingue, pubblicati con grande successo, e hanno venduto milioni di copie.<\/p>\n","protected":false},"excerpt":{"rendered":"<p>Savona. Domani, venerd\u00ec 11 novembre, alle ore 18 presso la Sala Rossa del Comune incontro con lo scrittore Giorgio Faletti e presentazione del libro &#8220;Tre atti e due tempi&#8221; Con &#8220;Tre atti e due tempi&#8221; Giorgio Faletti ci consegna un romanzo perfetto come una partitura musicale e teso come un thriller, che toglie il fiato [&hellip;]<\/p>\n","protected":false},"author":13744,"featured_media":0,"comment_status":"open","ping_status":"closed","sticky":false,"template":"","format":"standard","meta":{"footnotes":""},"categories":[],"tags":[28878,85850,86022],"class_list":["post-204155","post","type-post","status-publish","format-standard","hentry","tag-giorgio-faletti","tag-savona","tag-ubik","post_cat_citta-savona"],"amp_validity":null,"amp_enabled":true,"_links":{"self":[{"href":"https:\/\/staging.ivg.it\/ediapi\/wp\/v2\/posts\/204155","targetHints":{"allow":["GET"]}}],"collection":[{"href":"https:\/\/staging.ivg.it\/ediapi\/wp\/v2\/posts"}],"about":[{"href":"https:\/\/staging.ivg.it\/ediapi\/wp\/v2\/types\/post"}],"author":[{"embeddable":true,"href":"https:\/\/staging.ivg.it\/ediapi\/wp\/v2\/users\/13744"}],"replies":[{"embeddable":true,"href":"https:\/\/staging.ivg.it\/ediapi\/wp\/v2\/comments?post=204155"}],"version-history":[{"count":0,"href":"https:\/\/staging.ivg.it\/ediapi\/wp\/v2\/posts\/204155\/revisions"}],"wp:attachment":[{"href":"https:\/\/staging.ivg.it\/ediapi\/wp\/v2\/media?parent=204155"}],"wp:term":[{"taxonomy":"category","embeddable":true,"href":"https:\/\/staging.ivg.it\/ediapi\/wp\/v2\/categories?post=204155"},{"taxonomy":"post_tag","embeddable":true,"href":"https:\/\/staging.ivg.it\/ediapi\/wp\/v2\/tags?post=204155"}],"curies":[{"name":"wp","href":"https:\/\/api.w.org\/{rel}","templated":true}]}}