{"id":204083,"date":"2011-11-09T17:34:02","date_gmt":"2011-11-09T16:34:02","guid":{"rendered":"http:\/\/www.ivg.it\/?p=204083"},"modified":"2011-11-09T17:46:06","modified_gmt":"2011-11-09T16:46:06","slug":"calcio-amichevole-savona-juve-bella-opportunita","status":"publish","type":"post","link":"https:\/\/staging.ivg.it\/2011\/11\/calcio-amichevole-savona-juve-bella-opportunita\/","title":{"rendered":"Calcio, amichevole Savona-Juve: &#8220;Bella opportunit\u00e0&#8221;"},"content":{"rendered":"<p><strong>Savona.<\/strong> Sfida amichevole in programma domani pomeriggio, alle ore 15, allo stadio di Vinovo quando i ragazzi di mister Corda affronteranno in un test amichevole la Juventus di Antonio Conte. Nonostante molti beniamini bianconeri siano impegnati con le rispettive nazionale per la societ\u00e0 biancobl\u00f9 una gara di prestigio.<\/p>\n<p>Cos\u00ec l&#8217;allenatore del Svona, a meno di 24 ore dall&#8217;amichevole, presenta la partita: &#8220;Fabbris, il team manager della Juventus mi ha contatto chiedendomi la disponibilit\u00e0 per l&#8217;amichevole infrasettimanale e io ovviamente ho dato il mio consenso. E&#8217; una giornata che i ragazzi si meritano visto il periodo che stiamo attraversando. Sono tutti molto contenti per l&#8217;opportunit\u00e0. E&#8217; un bel riconoscimento per il Savona&#8221;. <\/p>\n","protected":false},"excerpt":{"rendered":"<p>Savona. Sfida amichevole in programma domani pomeriggio, alle ore 15, allo stadio di Vinovo quando i ragazzi di mister Corda affronteranno in un test amichevole la Juventus di Antonio Conte. Nonostante molti beniamini bianconeri siano impegnati con le rispettive nazionale per la societ\u00e0 biancobl\u00f9 una gara di prestigio. Cos\u00ec l&#8217;allenatore del Svona, a meno di [&hellip;]<\/p>\n","protected":false},"author":13744,"featured_media":0,"comment_status":"open","ping_status":"closed","sticky":false,"template":"","format":"standard","meta":{"footnotes":""},"categories":[32],"tags":[85989,7052,34823,86042],"class_list":["post-204083","post","type-post","status-publish","format-standard","hentry","category-sport","tag-calcio","tag-juventus","tag-mister-corda","tag-savona-calcio","post_cat_citta-andora","post_cat_citta-savona"],"amp_validity":null,"amp_enabled":true,"_links":{"self":[{"href":"https:\/\/staging.ivg.it\/ediapi\/wp\/v2\/posts\/204083","targetHints":{"allow":["GET"]}}],"collection":[{"href":"https:\/\/staging.ivg.it\/ediapi\/wp\/v2\/posts"}],"about":[{"href":"https:\/\/staging.ivg.it\/ediapi\/wp\/v2\/types\/post"}],"author":[{"embeddable":true,"href":"https:\/\/staging.ivg.it\/ediapi\/wp\/v2\/users\/13744"}],"replies":[{"embeddable":true,"href":"https:\/\/staging.ivg.it\/ediapi\/wp\/v2\/comments?post=204083"}],"version-history":[{"count":0,"href":"https:\/\/staging.ivg.it\/ediapi\/wp\/v2\/posts\/204083\/revisions"}],"wp:attachment":[{"href":"https:\/\/staging.ivg.it\/ediapi\/wp\/v2\/media?parent=204083"}],"wp:term":[{"taxonomy":"category","embeddable":true,"href":"https:\/\/staging.ivg.it\/ediapi\/wp\/v2\/categories?post=204083"},{"taxonomy":"post_tag","embeddable":true,"href":"https:\/\/staging.ivg.it\/ediapi\/wp\/v2\/tags?post=204083"}],"curies":[{"name":"wp","href":"https:\/\/api.w.org\/{rel}","templated":true}]}}