{"id":203845,"date":"2011-11-09T08:46:07","date_gmt":"2011-11-09T07:46:07","guid":{"rendered":"http:\/\/www.ivg.it\/?p=203845"},"modified":"2011-11-09T08:46:07","modified_gmt":"2011-11-09T07:46:07","slug":"i-balneari-in-marcia-verso-bruxelles","status":"publish","type":"post","link":"https:\/\/staging.ivg.it\/2011\/11\/i-balneari-in-marcia-verso-bruxelles\/","title":{"rendered":"I balneari in marcia verso Bruxelles"},"content":{"rendered":"<p>Luned\u00ec 21 novembre, una lunga fila di camper di concessionari balneari partir\u00e0 per Bruxelles, per manifestare contro la direttiva Bolkestein. L&#8217;iniziativa \u00e8 del Comitato Salvataggio Imprese Balneari, che propone a sindacati e concessionari una &#8220;manifestazione pacifica contro le aste e la distruzione del turismo balneare italiano&#8221;.<\/p>\n<p>&#8220;Purtroppo &#8211; dice Giovanni Botta, di Comitato Balneari Liguria &#8211; l&#8217;Ue conosce solo superficialmente le caratteristiche e le dinamiche del nostro settore, esposto alla violenza della natura. In questi giorni il mare ha distrutto molti stabilimenti balneari e questi concessionari, per ricominciare, avranno bisogno di tempi lunghi, almeno 50 anni e da subito. Si parla di un viaggio di tre giorni. Una vera e propria avventura. I balneari di tutte le regioni sono invitati a partecipare&#8221;.<\/p>\n<p>Nel frattempo domani, a Varazze, i balneari liguri si incontreranno anche per discutere dei danni conseguenti al maltempo di questi giorni.<\/p>\n","protected":false},"excerpt":{"rendered":"<p>Luned\u00ec 21 novembre, una lunga fila di camper di concessionari balneari partir\u00e0 per Bruxelles, per manifestare contro la direttiva Bolkestein. L&#8217;iniziativa \u00e8 del Comitato Salvataggio Imprese Balneari, che propone a sindacati e concessionari una &#8220;manifestazione pacifica contro le aste e la distruzione del turismo balneare italiano&#8221;. &#8220;Purtroppo &#8211; dice Giovanni Botta, di Comitato Balneari Liguria [&hellip;]<\/p>\n","protected":false},"author":13744,"featured_media":0,"comment_status":"open","ping_status":"closed","sticky":false,"template":"","format":"standard","meta":{"footnotes":""},"categories":[35],"tags":[17436,1194,13239,651,9791,6409],"class_list":["post-203845","post","type-post","status-publish","format-standard","hentry","category-economia","tag-balneari","tag-bruxelles","tag-concessioni-demaniali","tag-maltempo","tag-spiagge","tag-stabilimenti-balneari","post_cat_citta-andora"],"amp_validity":null,"amp_enabled":true,"_links":{"self":[{"href":"https:\/\/staging.ivg.it\/ediapi\/wp\/v2\/posts\/203845","targetHints":{"allow":["GET"]}}],"collection":[{"href":"https:\/\/staging.ivg.it\/ediapi\/wp\/v2\/posts"}],"about":[{"href":"https:\/\/staging.ivg.it\/ediapi\/wp\/v2\/types\/post"}],"author":[{"embeddable":true,"href":"https:\/\/staging.ivg.it\/ediapi\/wp\/v2\/users\/13744"}],"replies":[{"embeddable":true,"href":"https:\/\/staging.ivg.it\/ediapi\/wp\/v2\/comments?post=203845"}],"version-history":[{"count":0,"href":"https:\/\/staging.ivg.it\/ediapi\/wp\/v2\/posts\/203845\/revisions"}],"wp:attachment":[{"href":"https:\/\/staging.ivg.it\/ediapi\/wp\/v2\/media?parent=203845"}],"wp:term":[{"taxonomy":"category","embeddable":true,"href":"https:\/\/staging.ivg.it\/ediapi\/wp\/v2\/categories?post=203845"},{"taxonomy":"post_tag","embeddable":true,"href":"https:\/\/staging.ivg.it\/ediapi\/wp\/v2\/tags?post=203845"}],"curies":[{"name":"wp","href":"https:\/\/api.w.org\/{rel}","templated":true}]}}