{"id":203513,"date":"2011-11-07T18:44:20","date_gmt":"2011-11-07T17:44:20","guid":{"rendered":"http:\/\/www.ivg.it\/?p=203513"},"modified":"2011-11-07T19:40:41","modified_gmt":"2011-11-07T18:40:41","slug":"maltempo-e-alluvione-la-regione-ringrazia-tutti-i-volontari","status":"publish","type":"post","link":"https:\/\/staging.ivg.it\/2011\/11\/maltempo-e-alluvione-la-regione-ringrazia-tutti-i-volontari\/","title":{"rendered":"Maltempo e alluvione: la Regione ringrazia tutti i volontari"},"content":{"rendered":"<p><strong>Regione. <\/strong>La Regione Liguria, anche a nome della Protezione Civile Nazionale presente in questi giorni a Genova, ricorda in una nota che il volontariato organizzato di Protezione Civile fa riferimento a un sistema nazionale e locale ed \u00e8 composto da persone che sono state formate per affrontare situazioni di emergenza come quelle che hanno drammaticamente colpito il territorio genovese e ligure. <\/p>\n<p>Migliaia sono i volontari che stanno prestando servizio in tutte le province liguri. Basti pensare alla giornata di ieri: pi\u00f9 di 600 i volontari impiegati a Genova, oltre 500 a La Spezia; quasi 300 a Savona, oltre 200 a Imperia. <\/p>\n<p>&#8220;Ringrazio di cuore sia il volontariato organizzato, sia quello spontaneo &#8211; afferma Renata Briano, assessore alla Protezione Civile della Regione Liguria -, in particolare i tanti giovani che, come nel 1970, in momenti tragici e dolorosi stanno dando un grande esempio di generosit\u00e0 e di solidariet\u00e0. L&#8217;auspicio \u00e8 che nuovi volontari possano entrare a far parte di questa rete che si sta dimostrando all&#8217;altezza di un compito cos\u00ec importante e soprattutto cos\u00ec difficile&#8221;<\/p>\n","protected":false},"excerpt":{"rendered":"<p>Regione. La Regione Liguria, anche a nome della Protezione Civile Nazionale presente in questi giorni a Genova, ricorda in una nota che il volontariato organizzato di Protezione Civile fa riferimento a un sistema nazionale e locale ed \u00e8 composto da persone che sono state formate per affrontare situazioni di emergenza come quelle che hanno drammaticamente [&hellip;]<\/p>\n","protected":false},"author":13744,"featured_media":0,"comment_status":"open","ping_status":"closed","sticky":false,"template":"","format":"standard","meta":{"footnotes":""},"categories":[34],"tags":[5386,651,223,22427],"class_list":["post-203513","post","type-post","status-publish","format-standard","hentry","category-cronaca","tag-alluvione","tag-maltempo","tag-regione-liguria","tag-renata-briano","post_cat_citta-andora"],"amp_validity":null,"amp_enabled":true,"_links":{"self":[{"href":"https:\/\/staging.ivg.it\/ediapi\/wp\/v2\/posts\/203513","targetHints":{"allow":["GET"]}}],"collection":[{"href":"https:\/\/staging.ivg.it\/ediapi\/wp\/v2\/posts"}],"about":[{"href":"https:\/\/staging.ivg.it\/ediapi\/wp\/v2\/types\/post"}],"author":[{"embeddable":true,"href":"https:\/\/staging.ivg.it\/ediapi\/wp\/v2\/users\/13744"}],"replies":[{"embeddable":true,"href":"https:\/\/staging.ivg.it\/ediapi\/wp\/v2\/comments?post=203513"}],"version-history":[{"count":0,"href":"https:\/\/staging.ivg.it\/ediapi\/wp\/v2\/posts\/203513\/revisions"}],"wp:attachment":[{"href":"https:\/\/staging.ivg.it\/ediapi\/wp\/v2\/media?parent=203513"}],"wp:term":[{"taxonomy":"category","embeddable":true,"href":"https:\/\/staging.ivg.it\/ediapi\/wp\/v2\/categories?post=203513"},{"taxonomy":"post_tag","embeddable":true,"href":"https:\/\/staging.ivg.it\/ediapi\/wp\/v2\/tags?post=203513"}],"curies":[{"name":"wp","href":"https:\/\/api.w.org\/{rel}","templated":true}]}}