{"id":203486,"date":"2011-11-07T18:32:59","date_gmt":"2011-11-07T17:32:59","guid":{"rendered":"http:\/\/www.ivg.it\/?p=203486"},"modified":"2011-11-08T10:58:11","modified_gmt":"2011-11-08T09:58:11","slug":"savona-calcio-giovedi-amichevole-con-la-juve","status":"publish","type":"post","link":"https:\/\/staging.ivg.it\/2011\/11\/savona-calcio-giovedi-amichevole-con-la-juve\/","title":{"rendered":"Savona Calcio, gioved\u00ec amichevole con la Juve"},"content":{"rendered":"<p><strong>Savona<\/strong>. Dopo il rinvio della partita con l&#8217;Alessandria decisa dalle Prefettura di Savona per il maltempo che ha colpito la Liguria nello scorso week end, il Savona torna ad allenarsi domani al \u201cRuffinengo\u201d in vista della trasferta di domenica a Casale. <\/p>\n<p>Gioved\u00ec amichevole di lusso per gli uomini di mister Corda, ospiti gioved\u00ec pomeriggio della Juventus di Antonio Conte tornata dopo anni di difficolt\u00e0 al vertice del campionato di Serie A e reduce anch&#8217;essa dal rinvio della giornata di campionato. <\/p>\n<p>La gara \u00e8 in programma alle 15 dove presso gli impianti di Vinovo, Aresti e company giocheranno un&#8217;amichevole contro i &#8220;colleghi&#8221; bianconeri per un test di assoluto valore e prestigio.<\/p>\n<p>Dopo gli allenamenti settimanali allo stadio Ruffinengo e la rifinitura il Savona Calcio partir\u00e0 domenica mattina per Casale.<\/p>\n","protected":false},"excerpt":{"rendered":"<p>Savona. Dopo il rinvio della partita con l&#8217;Alessandria decisa dalle Prefettura di Savona per il maltempo che ha colpito la Liguria nello scorso week end, il Savona torna ad allenarsi domani al \u201cRuffinengo\u201d in vista della trasferta di domenica a Casale. Gioved\u00ec amichevole di lusso per gli uomini di mister Corda, ospiti gioved\u00ec pomeriggio della [&hellip;]<\/p>\n","protected":false},"author":13744,"featured_media":0,"comment_status":"open","ping_status":"closed","sticky":false,"template":"","format":"standard","meta":{"footnotes":""},"categories":[32],"tags":[2975,85989,7052,33932,86042],"class_list":["post-203486","post","type-post","status-publish","format-standard","hentry","category-sport","tag-amichevole","tag-calcio","tag-juventus","tag-ninni-corda","tag-savona-calcio","post_cat_citta-savona"],"amp_validity":null,"amp_enabled":true,"_links":{"self":[{"href":"https:\/\/staging.ivg.it\/ediapi\/wp\/v2\/posts\/203486","targetHints":{"allow":["GET"]}}],"collection":[{"href":"https:\/\/staging.ivg.it\/ediapi\/wp\/v2\/posts"}],"about":[{"href":"https:\/\/staging.ivg.it\/ediapi\/wp\/v2\/types\/post"}],"author":[{"embeddable":true,"href":"https:\/\/staging.ivg.it\/ediapi\/wp\/v2\/users\/13744"}],"replies":[{"embeddable":true,"href":"https:\/\/staging.ivg.it\/ediapi\/wp\/v2\/comments?post=203486"}],"version-history":[{"count":0,"href":"https:\/\/staging.ivg.it\/ediapi\/wp\/v2\/posts\/203486\/revisions"}],"wp:attachment":[{"href":"https:\/\/staging.ivg.it\/ediapi\/wp\/v2\/media?parent=203486"}],"wp:term":[{"taxonomy":"category","embeddable":true,"href":"https:\/\/staging.ivg.it\/ediapi\/wp\/v2\/categories?post=203486"},{"taxonomy":"post_tag","embeddable":true,"href":"https:\/\/staging.ivg.it\/ediapi\/wp\/v2\/tags?post=203486"}],"curies":[{"name":"wp","href":"https:\/\/api.w.org\/{rel}","templated":true}]}}